{"id":4881,"date":"2022-11-22T23:32:15","date_gmt":"2022-11-23T04:32:15","guid":{"rendered":"https:\/\/www.radiosanctispiritus.cu\/es\/?p=4881"},"modified":"2022-11-22T23:32:15","modified_gmt":"2022-11-23T04:32:15","slug":"presidente-de-cuba-llega-a-turkiye-en-visita-oficial","status":"publish","type":"post","link":"https:\/\/www.radiosanctispiritus.cu\/es\/presidente-de-cuba-llega-a-turkiye-en-visita-oficial\/","title":{"rendered":"Presidente de Cuba llega a T\u00fcrkiye en visita oficial"},"content":{"rendered":"<p>El presidente de Cuba, Miguel D\u00edaz-Canel, lleg\u00f3 en la madrugada de este mi\u00e9rcoles a Ankara en la tercera escala de su gira internacional, para desarrollar un programa de trabajo que incluye conversaciones al m\u00e1s alto nivel.<\/p>\n<p>Se prev\u00e9 que el mandatario cubano dialogue con su hom\u00f3logo Recep Tayyip Erdogan y desarrolle otras actividades de intercambio que responden a las prioridades pol\u00edticas y econ\u00f3micas de Cuba.<\/p>\n<p>Al partir en su periplo, D\u00edaz-Canel anunci\u00f3 que durante estas jornadas trabajar\u00e1n intensamente para afianzar v\u00ednculos econ\u00f3micos y pol\u00edticos que permitan seguir promoviendo el desarrollo de Cuba.<\/p>\n<p>El presidente de la isla llega a T\u00fcrkiye, procedente de Rusia, donde se reuni\u00f3 con el mandatario de ese pa\u00eds Vladimir Putin y otros altos funcionarios, con quienes analiz\u00f3 el plan de cooperaci\u00f3n mutua hasta 2030, as\u00ed como otros aspectos de las relaciones bilaterales.<\/p>\n<p>Previamente estuvo en Argelia, naci\u00f3n \u00e1rabe en la que dialog\u00f3 con su presidente Abdelmajid Tebboune sobre alianzas vinculadas al abastecimiento de combustible, el inter\u00e9s de colaborar en la elaboraci\u00f3n de medicamentos y vacunas y la celebraci\u00f3n, en 2023, de una sesi\u00f3n de la Comisi\u00f3n Mixta en La Habana.<\/p>\n<p>La delegaci\u00f3n cubana est\u00e1 integrada adem\u00e1s por los viceprimeros ministros Ricardo Cabrisas y Alejandro Gil; el canciller Bruno Rodr\u00edguez; el ministro de Comercio Exterior e Inversi\u00f3n Extranjera, Rodrigo Malmierca y el ministro de Energ\u00eda y Minas, Vicente de la O.<\/p>\n<p>La visita coincide con el 70 aniversario del establecimiento de las relaciones diplom\u00e1ticas entre T\u00fcrkiye y Cuba.<\/p>\n","protected":false},"excerpt":{"rendered":"<p>La visita coincide con el 70 aniversario del establecimiento de las relaciones diplom\u00e1ticas entre T\u00fcrkiye y Cuba.<\/p>\n","protected":false},"author":22,"featured_media":4882,"comment_status":"open","ping_status":"open","sticky":false,"template":"","format":"standard","meta":{"_acf_changed":false,"footnotes":""},"categories":[3,8],"tags":[258,28],"coauthors":[],"class_list":["post-4881","post","type-post","status-publish","format-standard","has-post-thumbnail","hentry","category-cuba","category-noticia","tag-cuba-turquia","tag-miguel-diaz-canel"],"acf":[],"_links":{"self":[{"href":"https:\/\/www.radiosanctispiritus.cu\/es\/wp-json\/wp\/v2\/posts\/4881","targetHints":{"allow":["GET"]}}],"collection":[{"href":"https:\/\/www.radiosanctispiritus.cu\/es\/wp-json\/wp\/v2\/posts"}],"about":[{"href":"https:\/\/www.radiosanctispiritus.cu\/es\/wp-json\/wp\/v2\/types\/post"}],"author":[{"embeddable":true,"href":"https:\/\/www.radiosanctispiritus.cu\/es\/wp-json\/wp\/v2\/users\/22"}],"replies":[{"embeddable":true,"href":"https:\/\/www.radiosanctispiritus.cu\/es\/wp-json\/wp\/v2\/comments?post=4881"}],"version-history":[{"count":0,"href":"https:\/\/www.radiosanctispiritus.cu\/es\/wp-json\/wp\/v2\/posts\/4881\/revisions"}],"wp:featuredmedia":[{"embeddable":true,"href":"https:\/\/www.radiosanctispiritus.cu\/es\/wp-json\/wp\/v2\/media\/4882"}],"wp:attachment":[{"href":"https:\/\/www.radiosanctispiritus.cu\/es\/wp-json\/wp\/v2\/media?parent=4881"}],"wp:term":[{"taxonomy":"category","embeddable":true,"href":"https:\/\/www.radiosanctispiritus.cu\/es\/wp-json\/wp\/v2\/categories?post=4881"},{"taxonomy":"post_tag","embeddable":true,"href":"https:\/\/www.radiosanctispiritus.cu\/es\/wp-json\/wp\/v2\/tags?post=4881"},{"taxonomy":"author","embeddable":true,"href":"https:\/\/www.radiosanctispiritus.cu\/es\/wp-json\/wp\/v2\/coauthors?post=4881"}],"curies":[{"name":"wp","href":"https:\/\/api.w.org\/{rel}","templated":true}]}}