{"id":48767,"date":"2025-06-16T05:00:25","date_gmt":"2025-06-16T09:00:25","guid":{"rendered":"https:\/\/www.radiosanctispiritus.cu\/es\/?p=48767"},"modified":"2025-06-16T00:10:37","modified_gmt":"2025-06-16T04:10:37","slug":"deivy-perez-martin-resistencia-de-los-espirituanos-sostiene-comportamiento-de-la-provincia","status":"publish","type":"post","link":"https:\/\/www.radiosanctispiritus.cu\/es\/deivy-perez-martin-resistencia-de-los-espirituanos-sostiene-comportamiento-de-la-provincia\/","title":{"rendered":"Deivy P\u00e9rez Mart\u00edn: Si hoy hay un resultado, es por el pueblo espirituano"},"content":{"rendered":"<p>Si hoy hay un resultado en Sancti Sp\u00edritus es por este pueblo aguerrido que todos los d\u00edas resiste y que ha acompa\u00f1ado a la direcci\u00f3n del Partido y del Gobierno en las principales tareas del momento, asegur\u00f3 Deivy P\u00e9rez Mart\u00edn, miembro del Comit\u00e9 Central del PCC y su primera secretaria en este territorio.<\/p>\n<p>En declaraciones a la prensa local, la m\u00e1xima dirigente pol\u00edtica espirituana valor\u00f3 los resultados del territorio en la emulaci\u00f3n nacional por el 26 de Julio, en la que provincia alcanz\u00f3 la condici\u00f3n de destacada, luego de haber sido sede del acto central nacional el a\u00f1o anterior.<\/p>\n<p><strong>Declaraciones de Deivy P\u00e9rez Mart\u00edn, miembro del Comit\u00e9 Central del PCC y su primera secretaria en Sancti Sp\u00edritus<\/strong><\/p>\n<p><img decoding=\"async\" class=\"size-medium wp-image-48799 aligncenter\" src=\"https:\/\/www.radiosanctispiritus.cu\/es\/wp-content\/uploads\/Deivy-declaraciones-26-3-e1750046338773-600x483.jpg\" alt=\"\" width=\"600\" height=\"483\" srcset=\"https:\/\/www.radiosanctispiritus.cu\/es\/wp-content\/uploads\/Deivy-declaraciones-26-3-e1750046338773-600x483.jpg 600w, https:\/\/www.radiosanctispiritus.cu\/es\/wp-content\/uploads\/Deivy-declaraciones-26-3-e1750046338773-768x618.jpg 768w, https:\/\/www.radiosanctispiritus.cu\/es\/wp-content\/uploads\/Deivy-declaraciones-26-3-e1750046338773.jpg 810w\" sizes=\"(max-width: 600px) 100vw, 600px\" \/><\/p>\n<p><span class=\"cursor-pointer group\" title=\"Reproducir desde 0:00\"><span class=\"group-hover:bg-base-200 rounded p-0.5 -m-0.5\" data-start=\"0\" data-end=\"7280\">Creo que el pueblo de Sancti Sp\u00edritus amanece de j\u00fabilo, amanece alegre, amanece seguro<\/span><\/span> <span class=\"cursor-pointer group\" title=\"Reproducir desde 0:07\"><span class=\"group-hover:bg-base-200 rounded p-0.5 -m-0.5\" data-start=\"7280\" data-end=\"11120\">y sobre todo amanece con mucho compromiso de seguir la marcha.<\/span><\/span> <span class=\"cursor-pointer group\" title=\"Reproducir desde 0:11\"><span class=\"group-hover:bg-base-200 rounded p-0.5 -m-0.5\" data-start=\"11480\" data-end=\"17280\">Porque precisamente esa marcha es la que nos ha tra\u00eddo a este resultado de obtener la condici\u00f3n<\/span><\/span> <span class=\"cursor-pointer group\" title=\"Reproducir desde 0:17\"><span class=\"group-hover:bg-base-200 rounded p-0.5 -m-0.5\" data-start=\"17280\" data-end=\"24660\">de provincia destacada en medio del aniversario por la celebraci\u00f3n y la conmemoraci\u00f3n<\/span><\/span> <span class=\"cursor-pointer group\" title=\"Reproducir desde 0:25\"><span class=\"group-hover:bg-base-200 rounded p-0.5 -m-0.5\" data-start=\"24660\" data-end=\"27960\">de los asaltos a los cuarteles Moncada y Carlos Manuel de C\u00e9spedes.<\/span><\/span> <span class=\"cursor-pointer group\" title=\"Reproducir desde 0:28\"><span class=\"group-hover:bg-base-200 rounded p-0.5 -m-0.5\" data-start=\"27960\" data-end=\"34580\">Ha sido un a\u00f1o de trabajo muy duro, donde la unidad, la motivaci\u00f3n, el compromiso,<\/span><\/span> <span class=\"cursor-pointer group\" title=\"Reproducir desde 0:35\"><span class=\"group-hover:bg-base-200 rounded p-0.5 -m-0.5\" data-start=\"35100\" data-end=\"38820\">la firmeza de nuestro pueblo, de sus colectivos laborales,<\/span><\/span> <span class=\"cursor-pointer group\" title=\"Reproducir desde 0:39\"><span class=\"group-hover:bg-base-200 rounded p-0.5 -m-0.5\" data-start=\"39180\" data-end=\"44940\">la direcci\u00f3n de nuestros cuadros y funcionarios consolidaron los resultados de la provincia<\/span><\/span> <span class=\"cursor-pointer group\" title=\"Reproducir desde 0:45\"><span class=\"group-hover:bg-base-200 rounded p-0.5 -m-0.5\" data-start=\"44940\" data-end=\"50960\">y garantizaron una estabilidad que le dio la posibilidad a que en la evaluaci\u00f3n que hiciera<\/span><\/span> <span class=\"cursor-pointer group\" title=\"Reproducir desde 0:51\"><span class=\"group-hover:bg-base-200 rounded p-0.5 -m-0.5\" data-start=\"50960\" data-end=\"58240\">el Bur\u00f3 Pol\u00edtico tuviese en cuenta ese resultado y agazajara al pueblo espirituano<\/span><\/span> <span class=\"cursor-pointer group\" title=\"Reproducir desde 0:58\"><span class=\"group-hover:bg-base-200 rounded p-0.5 -m-0.5\" data-start=\"58240\" data-end=\"60420\">con esa condici\u00f3n de destacado.<\/span><\/span><\/p>\n<p><span class=\"cursor-pointer group\" title=\"Reproducir desde 1:01\"><span class=\"group-hover:bg-base-200 rounded p-0.5 -m-0.5\" data-start=\"60860\" data-end=\"67000\">Despu\u00e9s de haber sido sede de las actividades por el 71 aniversario, que fuimos la sede central,<\/span><\/span> <span class=\"cursor-pointer group\" title=\"Reproducir desde 1:07\"><span class=\"group-hover:bg-base-200 rounded p-0.5 -m-0.5\" data-start=\"67480\" data-end=\"74280\">no nos quedaba otra alternativa que se expresa en compromiso que seguir la marcha<\/span><\/span> <span class=\"cursor-pointer group\" title=\"Reproducir desde 1:14\"><span class=\"group-hover:bg-base-200 rounded p-0.5 -m-0.5\" data-start=\"74280\" data-end=\"75500\">con ese mismo esp\u00edritu.<\/span><\/span> <span class=\"cursor-pointer group\" title=\"Reproducir desde 1:16\"><span class=\"group-hover:bg-base-200 rounded p-0.5 -m-0.5\" data-start=\"75500\" data-end=\"81520\">Y hemos arribado a este 72 aniversario precisamente con ese mismo esp\u00edritu de victoria,<\/span><\/span> <span class=\"cursor-pointer group\" title=\"Reproducir desde 1:22\"><span class=\"group-hover:bg-base-200 rounded p-0.5 -m-0.5\" data-start=\"81940\" data-end=\"86360\">haciendo, transformando, enfrentando las dificultades, enfrentando a los <\/span><\/span><span class=\"cursor-pointer group\" title=\"Reproducir desde 1:27\"><span class=\"group-hover:bg-base-200 rounded p-0.5 -m-0.5\" data-start=\"86840\" data-end=\"92060\">retos. A este resultado han aportado todos los sectores de la vida de nuestro territorio,<\/span><\/span> <span class=\"cursor-pointer group\" title=\"Reproducir desde 1:32\"><span class=\"group-hover:bg-base-200 rounded p-0.5 -m-0.5\" data-start=\"92380\" data-end=\"98420\">porque si bien ha aportado el sector econ\u00f3mico productivo, ha aportado el sector social,<\/span><\/span> <span class=\"cursor-pointer group\" title=\"Reproducir desde 1:39\"><span class=\"group-hover:bg-base-200 rounded p-0.5 -m-0.5\" data-start=\"98760\" data-end=\"100200\">pero ha aportado nuestro pueblo.<\/span><\/span><\/p>\n<p><span class=\"cursor-pointer group\" title=\"Reproducir desde 1:40\"><span class=\"group-hover:bg-base-200 rounded p-0.5 -m-0.5\" data-start=\"100200\" data-end=\"106960\">Durante este a\u00f1o, un grupo de sectores resultaron reconocidos por el D\u00eda del Trabajador,<\/span><\/span> <span class=\"cursor-pointer group\" title=\"Reproducir desde 1:47\"><span class=\"group-hover:bg-base-200 rounded p-0.5 -m-0.5\" data-start=\"107080\" data-end=\"114580\">que representa a ese sector y que se expres\u00f3 en compromisos para hacer y para producir<\/span><\/span> <span class=\"cursor-pointer group\" title=\"Reproducir desde 1:55\"><span class=\"group-hover:bg-base-200 rounded p-0.5 -m-0.5\" data-start=\"114580\" data-end=\"116020\">y alcanzar nuevas metas.<\/span><\/span> <span class=\"cursor-pointer group\" title=\"Reproducir desde 1:56\"><span class=\"group-hover:bg-base-200 rounded p-0.5 -m-0.5\" data-start=\"116380\" data-end=\"124600\">Yo creo que este a\u00f1o 2025, estos meses que han transcurrido, expresan de manera el compromiso<\/span><\/span> <span class=\"cursor-pointer group\" title=\"Reproducir desde 2:05\"><span class=\"group-hover:bg-base-200 rounded p-0.5 -m-0.5\" data-start=\"124600\" data-end=\"127139\">de nuestro pueblo a seguir avanzando.<\/span><\/span> <span class=\"cursor-pointer group\" title=\"Reproducir desde 2:08\"><span class=\"group-hover:bg-base-200 rounded p-0.5 -m-0.5\" data-start=\"127759\" data-end=\"133380\">Consolidamos las metas del a\u00f1o 2024 y nos proyectamos avanzar para el a\u00f1o 2026.<\/span><\/span><\/p>\n<p><span class=\"cursor-pointer group\" title=\"Reproducir desde 2:14\"><span class=\"group-hover:bg-base-200 rounded p-0.5 -m-0.5\" data-start=\"133680\" data-end=\"135660\">Que el escenario es complicado, es verdad.<\/span><\/span> <span class=\"cursor-pointer group\" title=\"Reproducir desde 2:16\"><span class=\"group-hover:bg-base-200 rounded p-0.5 -m-0.5\" data-start=\"135920\" data-end=\"138040\">Que enfrentamos muchos problemas, es verdad.<\/span><\/span> <span class=\"cursor-pointer group\" title=\"Reproducir desde 2:18\"><span class=\"group-hover:bg-base-200 rounded p-0.5 -m-0.5\" data-start=\"138300\" data-end=\"141080\">Que le debemos mucho a nuestro pueblo, es verdad.<\/span><\/span><\/p>\n<p><span class=\"cursor-pointer group\" title=\"Reproducir desde 2:21\"><span class=\"group-hover:bg-base-200 rounded p-0.5 -m-0.5\" data-start=\"141400\" data-end=\"144880\">Que tenemos que seguir trabajando en transformar los problemas,<\/span><\/span> <span class=\"cursor-pointer group\" title=\"Reproducir desde 2:25\"><span class=\"group-hover:bg-base-200 rounded p-0.5 -m-0.5\" data-start=\"145260\" data-end=\"151380\">en superar a veces cuestiones subjetivas, en lograr de cada dificultad una transformaci\u00f3n,<\/span><\/span> <span class=\"cursor-pointer group\" title=\"Reproducir desde 2:32\"><span class=\"group-hover:bg-base-200 rounded p-0.5 -m-0.5\" data-start=\"151680\" data-end=\"154620\">una victoria, de darle un mayor bienestar a nuestro pueblo.<\/span><\/span> <span class=\"cursor-pointer group\" title=\"Reproducir desde 2:35\"><span class=\"group-hover:bg-base-200 rounded p-0.5 -m-0.5\" data-start=\"154620\" data-end=\"160700\">Ese es el compromiso nuestro y de la direcci\u00f3n del Partido, del Gobierno en la provincia,<\/span><\/span> <span class=\"cursor-pointer group\" title=\"Reproducir desde 2:41\"><span class=\"group-hover:bg-base-200 rounded p-0.5 -m-0.5\" data-start=\"161000\" data-end=\"165980\">que d\u00eda a d\u00eda trabaja en funci\u00f3n de alcanzar esos objetivos.<\/span><\/span> <span class=\"cursor-pointer group\" title=\"Reproducir desde 2:46\"><span class=\"group-hover:bg-base-200 rounded p-0.5 -m-0.5\" data-start=\"166240\" data-end=\"169580\">Si hoy hay un resultado en Sancti Sp\u00edritus, es por el pueblo espirituano.<\/span><\/span><\/p>\n<p><span class=\"cursor-pointer group\" title=\"Reproducir desde 2:50\"><span class=\"group-hover:bg-base-200 rounded p-0.5 -m-0.5\" data-start=\"169960\" data-end=\"174200\">Por este pueblo aguerrido, por este pueblo que todos los d\u00edas resiste,<\/span><\/span> <span class=\"cursor-pointer group\" title=\"Reproducir desde 2:54\"><span class=\"group-hover:bg-base-200 rounded p-0.5 -m-0.5\" data-start=\"174280\" data-end=\"178420\">pero por este pueblo que ha acompa\u00f1ado a la direcci\u00f3n del Partido y del Gobierno,<\/span><\/span> <span class=\"cursor-pointer group\" title=\"Reproducir desde 2:59\"><span class=\"group-hover:bg-base-200 rounded p-0.5 -m-0.5\" data-start=\"178800\" data-end=\"182360\">tanto de nuestro Partido Comunista de Cuba como de nuestro gobierno central,<\/span><\/span> <span class=\"cursor-pointer group\" title=\"Reproducir desde 3:02\"><span class=\"group-hover:bg-base-200 rounded p-0.5 -m-0.5\" data-start=\"182360\" data-end=\"184940\">como al Partido y el Gobierno de esta provincia,<\/span><\/span> <span class=\"cursor-pointer group\" title=\"Reproducir desde 3:05\"><span class=\"group-hover:bg-base-200 rounded p-0.5 -m-0.5\" data-start=\"185040\" data-end=\"189480\">que nos ha acompa\u00f1ado en todas las batallas, en todos los retos, en todas las dificultades,<\/span><\/span> <span class=\"cursor-pointer group\" title=\"Reproducir desde 3:10\"><span class=\"group-hover:bg-base-200 rounded p-0.5 -m-0.5\" data-start=\"190200\" data-end=\"191580\">pero que ha dado el paso al frente.<\/span><\/span> <span class=\"cursor-pointer group\" title=\"Reproducir desde 3:12\"><span class=\"group-hover:bg-base-200 rounded p-0.5 -m-0.5\" data-start=\"191660\" data-end=\"195820\">Un pueblo que no se ha confundido, un pueblo que no se ha dejado manipular,<\/span><\/span> <span class=\"cursor-pointer group\" title=\"Reproducir desde 3:16\"><span class=\"group-hover:bg-base-200 rounded p-0.5 -m-0.5\" data-start=\"196220\" data-end=\"197940\">un pueblo que no se ha dejado utilizar,<\/span><\/span> <span class=\"cursor-pointer group\" title=\"Reproducir desde 3:18\"><span class=\"group-hover:bg-base-200 rounded p-0.5 -m-0.5\" data-start=\"198380\" data-end=\"201840\">y que enfrentando dificultades como esta compleja situaci\u00f3n energ\u00e9tica,<\/span><\/span> <span class=\"cursor-pointer group\" title=\"Reproducir desde 3:22\"><span class=\"group-hover:bg-base-200 rounded p-0.5 -m-0.5\" data-start=\"202300\" data-end=\"204500\">resiste, crea y sale todos los d\u00edas al combate.<\/span><\/span> <span class=\"cursor-pointer group\" title=\"Reproducir desde 3:25\"><span class=\"group-hover:bg-base-200 rounded p-0.5 -m-0.5\" data-start=\"204660\" data-end=\"207700\">Porque todos los d\u00edas, para cada familia, para cada persona,<\/span><\/span> <span class=\"cursor-pointer group\" title=\"Reproducir desde 3:28\"><span class=\"group-hover:bg-base-200 rounded p-0.5 -m-0.5\" data-start=\"208060\" data-end=\"211600\">en un escenario como el que nosotros vivimos, es un escenario de combate,<\/span><\/span> <span class=\"cursor-pointer group\" title=\"Reproducir desde 3:32\"><span class=\"group-hover:bg-base-200 rounded p-0.5 -m-0.5\" data-start=\"211600\" data-end=\"215720\">pero un escenario de victoria, victoria que alcanzamos en el sector de la educaci\u00f3n,<\/span><\/span> <span class=\"cursor-pointer group\" title=\"Reproducir desde 3:36\"><span class=\"group-hover:bg-base-200 rounded p-0.5 -m-0.5\" data-start=\"216020\" data-end=\"219420\">en el sector de la salud, en el sector de la producci\u00f3n,<\/span><\/span> <span class=\"cursor-pointer group\" title=\"Reproducir desde 3:40\"><span class=\"group-hover:bg-base-200 rounded p-0.5 -m-0.5\" data-start=\"220060\" data-end=\"224360\">con la labor cohesionada de todas nuestras organizaciones de masa.<\/span><\/span><\/p>\n<p><span class=\"cursor-pointer group\" title=\"Reproducir desde 3:45\"><span class=\"group-hover:bg-base-200 rounded p-0.5 -m-0.5\" data-start=\"224780\" data-end=\"230720\">En fin, yo creo que es la expresi\u00f3n de una voluntad de hacer y de vencer todos los d\u00edas,<\/span><\/span> <span class=\"cursor-pointer group\" title=\"Reproducir desde 3:51\"><span class=\"group-hover:bg-base-200 rounded p-0.5 -m-0.5\" data-start=\"231000\" data-end=\"232140\">porque hay un compromiso.<\/span><\/span> <span class=\"cursor-pointer group\" title=\"Reproducir desde 3:53\"><span class=\"group-hover:bg-base-200 rounded p-0.5 -m-0.5\" data-start=\"232580\" data-end=\"234520\">Sancti Sp\u00edritus nunca detendr\u00e1 la marcha,<\/span><\/span> <span class=\"cursor-pointer group\" title=\"Reproducir desde 3:55\"><span class=\"group-hover:bg-base-200 rounded p-0.5 -m-0.5\" data-start=\"234580\" data-end=\"239080\">y lo har\u00e1 siempre en bien de la Revoluci\u00f3n y por seguir salvaguardando<\/span><\/span> <span class=\"cursor-pointer group\" title=\"Reproducir desde 3:59\"><span class=\"group-hover:bg-base-200 rounded p-0.5 -m-0.5\" data-start=\"239080\" data-end=\"243140\">las conquistas que hemos alcanzado durante estos a\u00f1os de Revoluci\u00f3n,<\/span><\/span> <span class=\"cursor-pointer group\" title=\"Reproducir desde 4:03\"><span class=\"group-hover:bg-base-200 rounded p-0.5 -m-0.5\" data-start=\"243460\" data-end=\"244680\">pero de mucha victoria tambi\u00e9n.<\/span><\/span><\/p>\n<p><iframe src=\"https:\/\/www.ivoox.com\/player_ej_150278915_6_1.html?c1=7a0d0b\" width=\"100%\" height=\"200\" frameborder=\"0\" scrolling=\"no\" allowfullscreen=\"allowfullscreen\"><\/iframe><\/p>\n","protected":false},"excerpt":{"rendered":"<p>Si hoy hay un resultado en Sancti Sp\u00edritus es por este pueblo aguerrido que todos los d\u00edas resiste y que ha acompa\u00f1ado a la direcci\u00f3n del Partido y del gobierno en las principales tareas del momento, asegur\u00f3 Deivy P\u00e9rez Mart\u00edn, miembro del Comit\u00e9 Central del PCC y su primera secretaria en este territorio.<\/p>\n","protected":false},"author":141,"featured_media":48770,"comment_status":"open","ping_status":"open","sticky":false,"template":"","format":"standard","meta":{"_acf_changed":false,"footnotes":""},"categories":[8,9,1],"tags":[1957,44,1224],"coauthors":[1940],"class_list":["post-48767","post","type-post","status-publish","format-standard","has-post-thumbnail","hentry","category-noticia","category-en-audio","category-sancti-spiritus","tag-26-de-julio","tag-deivy-perez-martin","tag-sancti-spiritus-en-26"],"acf":[],"_links":{"self":[{"href":"https:\/\/www.radiosanctispiritus.cu\/es\/wp-json\/wp\/v2\/posts\/48767","targetHints":{"allow":["GET"]}}],"collection":[{"href":"https:\/\/www.radiosanctispiritus.cu\/es\/wp-json\/wp\/v2\/posts"}],"about":[{"href":"https:\/\/www.radiosanctispiritus.cu\/es\/wp-json\/wp\/v2\/types\/post"}],"author":[{"embeddable":true,"href":"https:\/\/www.radiosanctispiritus.cu\/es\/wp-json\/wp\/v2\/users\/141"}],"replies":[{"embeddable":true,"href":"https:\/\/www.radiosanctispiritus.cu\/es\/wp-json\/wp\/v2\/comments?post=48767"}],"version-history":[{"count":0,"href":"https:\/\/www.radiosanctispiritus.cu\/es\/wp-json\/wp\/v2\/posts\/48767\/revisions"}],"wp:featuredmedia":[{"embeddable":true,"href":"https:\/\/www.radiosanctispiritus.cu\/es\/wp-json\/wp\/v2\/media\/48770"}],"wp:attachment":[{"href":"https:\/\/www.radiosanctispiritus.cu\/es\/wp-json\/wp\/v2\/media?parent=48767"}],"wp:term":[{"taxonomy":"category","embeddable":true,"href":"https:\/\/www.radiosanctispiritus.cu\/es\/wp-json\/wp\/v2\/categories?post=48767"},{"taxonomy":"post_tag","embeddable":true,"href":"https:\/\/www.radiosanctispiritus.cu\/es\/wp-json\/wp\/v2\/tags?post=48767"},{"taxonomy":"author","embeddable":true,"href":"https:\/\/www.radiosanctispiritus.cu\/es\/wp-json\/wp\/v2\/coauthors?post=48767"}],"curies":[{"name":"wp","href":"https:\/\/api.w.org\/{rel}","templated":true}]}}