{"id":48734,"date":"2025-06-14T07:40:57","date_gmt":"2025-06-14T11:40:57","guid":{"rendered":"https:\/\/www.radiosanctispiritus.cu\/es\/?p=48734"},"modified":"2025-06-14T07:40:57","modified_gmt":"2025-06-14T11:40:57","slug":"vuelve-sancti-spiritus-a-vestir-traje-de-26","status":"publish","type":"post","link":"https:\/\/www.radiosanctispiritus.cu\/es\/vuelve-sancti-spiritus-a-vestir-traje-de-26\/","title":{"rendered":"Vuelve Sancti Sp\u00edritus a vestir traje de 26"},"content":{"rendered":"<p>Sancti Spiritus vuelve a vestirse de 26. Que un a\u00f1o despu\u00e9s de haber ganado la sede del acto nacional por la efem\u00e9rides del Moncada, haya ganado la condici\u00f3n de provincia destacada, es como si repitiera el suceso.<\/p>\n<p>Y en el reconocimiento del Bur\u00f3 Pol\u00edtico del C.C se premia el protagonismo del pueblo, ese que en medio de condiciones m\u00e1s complejas que las del a\u00f1o precedente, ha sabido sortear las batallas para impulsar, mantener e incluso superar algunos resultados que deciden en esta emulaci\u00f3n.<\/p>\n<p>Es un premio al esfuerzo, la consagraci\u00f3n, la resistencia y el trabajo. Porque las limitaciones se han agudizado y las carencias tambi\u00e9n. Han sido m\u00e1s feroces los apagones y el d\u00e9ficit energ\u00e9tico de manera general con impacto en todos los sectores.<\/p>\n<p>Faltan medicinas, tambi\u00e9n insumos, como abastecimientos b\u00e1sicos, incluido alimentos. Los salarios no alcanzan y los precios no ceden. A\u00fan as\u00ed est\u00e1n los hombres y mujeres que se levantan todos los d\u00edas con las marcas del sue\u00f1o y del estr\u00e9s cotidiano para protagonizar la \u00e9pica de echar a andar cada puesto de trabajo<\/p>\n<p>Por eso sin aquellos atributos, los del esfuerzo, la consagraci\u00f3n, la resistencia y el trabajo, no se explica bien que, por ejemplo hoy Sancti Spiritus mantenga la mejor tasa del pa\u00eds con un gal\u00e1ctico 1,1 fallecidos por cada mil nacidos, un indicador que para m\u00ed, preside el resto porque habla de la vida y del desvelo porque se haga la luz en aquellos hogares donde se espera un ni\u00f1o, que es como decir el mayor de los tesoros.<\/p>\n<p>No puede pasarse por alto el tama\u00f1o empe\u00f1o de los azucareros del Melanio Hern\u00e1ndez, \u00fanicos del pa\u00eds en cumplir su plan de producci\u00f3n de az\u00facar que aunque es bajo es el programa que en las condiciones de Cuba es posible hacer. Incluso aun muele a cualquier costo porque sus granos de m\u00e1s le hacen falta a este pa\u00eds<\/p>\n<p>Y esa es la \u00e9pica de los agricultores que m\u00e1s all\u00e1 de planes que no cubren necesidades ni demandas, se esfuerzan porque se produzcan alimentos m\u00e1s con el recurso del esfuerzo que con el insumo que no tienen, aunque con una mejor comercializaci\u00f3n sus saldos llegaran a m\u00e1s y menos cara.<\/p>\n<p>Tambi\u00e9n es la \u00e9pica de los educadores, que como sus hom\u00f3logos del pa\u00eds, mantienen las aulas abiertas y hacen que nuestros ni\u00f1os brillen fuera de fronteras en Olimp\u00edadas del saber. Es la de los cient\u00edficos que unen noches y d\u00edas para encontrar soluciones que aplaquen nuestras carencias a la manera en que innovamos todos en casa y fuera de esta.<\/p>\n<p>Es la \u00e9pica de los transportistas que hoy hacen la referencia del pa\u00eds con los ecomoviles que alivian el andar de los espirituanos y sus bolsillos tambi\u00e9n e incitan a la creatividad de otros para hallar alternativas posibles en medio de tanta oscuridad.<\/p>\n<p>Cabr\u00edan aqu\u00ed otras menciones, unas visibles y otras no tanto, pero en cada espirituano que hace posible los amaneceres con la venia de su trabajo y de su empe\u00f1o, tambi\u00e9n de su resistencia, est\u00e1n las razones de esta celebraci\u00f3n.<\/p>\n<p>Porque no est\u00e1 exenta Sancti Spiritus de las mismas problem\u00e1ticas que azotan al pa\u00eds, quedan m\u00e1s insatisfacciones que logros. Mas nada debe evitar que cada quien se ajuste a su medida este traje de 26 que vuelve a vestir la tierra de Seraf\u00edn un a\u00f1o despu\u00e9s, ahora con su condici\u00f3n de destacada.<\/p>\n<p>&nbsp;<\/p>\n","protected":false},"excerpt":{"rendered":"<p>Sancti Spiritus vuelve a vestirse de 26. Que un a\u00f1o despu\u00e9s de haber ganado la sede del acto nacional por la efem\u00e9rides del Moncada, haya ganado la condici\u00f3n de provincia destacada, es como si repitiera el suceso.\u00a0<\/p>\n","protected":false},"author":14,"featured_media":31228,"comment_status":"open","ping_status":"open","sticky":false,"template":"","format":"standard","meta":{"_acf_changed":false,"footnotes":""},"categories":[8,1],"tags":[1957,1224],"coauthors":[1915],"class_list":["post-48734","post","type-post","status-publish","format-standard","has-post-thumbnail","hentry","category-noticia","category-sancti-spiritus","tag-26-de-julio","tag-sancti-spiritus-en-26"],"acf":[],"_links":{"self":[{"href":"https:\/\/www.radiosanctispiritus.cu\/es\/wp-json\/wp\/v2\/posts\/48734","targetHints":{"allow":["GET"]}}],"collection":[{"href":"https:\/\/www.radiosanctispiritus.cu\/es\/wp-json\/wp\/v2\/posts"}],"about":[{"href":"https:\/\/www.radiosanctispiritus.cu\/es\/wp-json\/wp\/v2\/types\/post"}],"author":[{"embeddable":true,"href":"https:\/\/www.radiosanctispiritus.cu\/es\/wp-json\/wp\/v2\/users\/14"}],"replies":[{"embeddable":true,"href":"https:\/\/www.radiosanctispiritus.cu\/es\/wp-json\/wp\/v2\/comments?post=48734"}],"version-history":[{"count":0,"href":"https:\/\/www.radiosanctispiritus.cu\/es\/wp-json\/wp\/v2\/posts\/48734\/revisions"}],"wp:featuredmedia":[{"embeddable":true,"href":"https:\/\/www.radiosanctispiritus.cu\/es\/wp-json\/wp\/v2\/media\/31228"}],"wp:attachment":[{"href":"https:\/\/www.radiosanctispiritus.cu\/es\/wp-json\/wp\/v2\/media?parent=48734"}],"wp:term":[{"taxonomy":"category","embeddable":true,"href":"https:\/\/www.radiosanctispiritus.cu\/es\/wp-json\/wp\/v2\/categories?post=48734"},{"taxonomy":"post_tag","embeddable":true,"href":"https:\/\/www.radiosanctispiritus.cu\/es\/wp-json\/wp\/v2\/tags?post=48734"},{"taxonomy":"author","embeddable":true,"href":"https:\/\/www.radiosanctispiritus.cu\/es\/wp-json\/wp\/v2\/coauthors?post=48734"}],"curies":[{"name":"wp","href":"https:\/\/api.w.org\/{rel}","templated":true}]}}