{"id":48725,"date":"2025-06-14T06:00:36","date_gmt":"2025-06-14T10:00:36","guid":{"rendered":"https:\/\/www.radiosanctispiritus.cu\/es\/?p=48725"},"modified":"2025-06-14T06:21:26","modified_gmt":"2025-06-14T10:21:26","slug":"sancti-spiritus-provincia-destacada-en-emulacion-nacional-por-el-26-de-julio","status":"publish","type":"post","link":"https:\/\/www.radiosanctispiritus.cu\/es\/sancti-spiritus-provincia-destacada-en-emulacion-nacional-por-el-26-de-julio\/","title":{"rendered":"Sancti Sp\u00edritus, provincia destacada en emulaci\u00f3n nacional por el 26 de Julio"},"content":{"rendered":"<p>Los espirituanos, reunidos en el parque Mayor General Seraf\u00edn S\u00e1nchez Valdivia, de la cabecera provincial, acogieron con entusiasmo el acuerdo del Bur\u00f3 Pol\u00edtico del Comit\u00e9 Central del Partido Comunista de Cuba, de seleccionar como Destacada a la provincia de Sancti Sp\u00edritus, en lo que respecta a la emulaci\u00f3n nacional por la sede del acto conmemorativo por el aniversario 72 del asalto a los cuarteles Moncada y Carlos Manuel de C\u00e9spedes, cuya sede fue otorgada a la vecina Ciego de \u00c1vila.<\/p>\n<p><iframe src=\"https:\/\/www.ivoox.com\/player_ej_150178133_6_1.html?c1=7a0d0b\" width=\"100%\" height=\"200\" frameborder=\"0\" scrolling=\"no\" allowfullscreen=\"allowfullscreen\"><\/iframe><\/p>\n","protected":false},"excerpt":{"rendered":"<p>Los espirituanos, reunidos en el parque Mayor General Seraf\u00edn S\u00e1nchez Valdivia, de la ciudad del Yayabo, acogieron con entusiasmo el acuerdo del Bur\u00f3 Pol\u00edtico del Comit\u00e9 Central del Partido Comunista de Cuba, de seleccionar como Destacada a la provincia de Sancti Sp\u00edritus, en la emulaci\u00f3n nacional por la sede del acto conmemorativo por el 26 de Julio.<\/p>\n","protected":false},"author":18,"featured_media":48726,"comment_status":"open","ping_status":"open","sticky":false,"template":"","format":"standard","meta":{"_acf_changed":false,"footnotes":""},"categories":[8,9,1],"tags":[1957,44,1224],"coauthors":[1874],"class_list":["post-48725","post","type-post","status-publish","format-standard","has-post-thumbnail","hentry","category-noticia","category-en-audio","category-sancti-spiritus","tag-26-de-julio","tag-deivy-perez-martin","tag-sancti-spiritus-en-26"],"acf":[],"_links":{"self":[{"href":"https:\/\/www.radiosanctispiritus.cu\/es\/wp-json\/wp\/v2\/posts\/48725","targetHints":{"allow":["GET"]}}],"collection":[{"href":"https:\/\/www.radiosanctispiritus.cu\/es\/wp-json\/wp\/v2\/posts"}],"about":[{"href":"https:\/\/www.radiosanctispiritus.cu\/es\/wp-json\/wp\/v2\/types\/post"}],"author":[{"embeddable":true,"href":"https:\/\/www.radiosanctispiritus.cu\/es\/wp-json\/wp\/v2\/users\/18"}],"replies":[{"embeddable":true,"href":"https:\/\/www.radiosanctispiritus.cu\/es\/wp-json\/wp\/v2\/comments?post=48725"}],"version-history":[{"count":0,"href":"https:\/\/www.radiosanctispiritus.cu\/es\/wp-json\/wp\/v2\/posts\/48725\/revisions"}],"wp:featuredmedia":[{"embeddable":true,"href":"https:\/\/www.radiosanctispiritus.cu\/es\/wp-json\/wp\/v2\/media\/48726"}],"wp:attachment":[{"href":"https:\/\/www.radiosanctispiritus.cu\/es\/wp-json\/wp\/v2\/media?parent=48725"}],"wp:term":[{"taxonomy":"category","embeddable":true,"href":"https:\/\/www.radiosanctispiritus.cu\/es\/wp-json\/wp\/v2\/categories?post=48725"},{"taxonomy":"post_tag","embeddable":true,"href":"https:\/\/www.radiosanctispiritus.cu\/es\/wp-json\/wp\/v2\/tags?post=48725"},{"taxonomy":"author","embeddable":true,"href":"https:\/\/www.radiosanctispiritus.cu\/es\/wp-json\/wp\/v2\/coauthors?post=48725"}],"curies":[{"name":"wp","href":"https:\/\/api.w.org\/{rel}","templated":true}]}}