{"id":48711,"date":"2025-06-13T22:38:59","date_gmt":"2025-06-14T02:38:59","guid":{"rendered":"https:\/\/www.radiosanctispiritus.cu\/es\/?p=48711"},"modified":"2025-06-14T07:47:21","modified_gmt":"2025-06-14T11:47:21","slug":"ciego-de-avila-sede-del-acto-central-por-el-26-de-julio-sancti-spiritus-destacada","status":"publish","type":"post","link":"https:\/\/www.radiosanctispiritus.cu\/es\/ciego-de-avila-sede-del-acto-central-por-el-26-de-julio-sancti-spiritus-destacada\/","title":{"rendered":"Ciego de \u00c1vila sede del acto central por el 26 de Julio; Sancti Sp\u00edritus, destacada"},"content":{"rendered":"<p>Con motivo del aniversario 72 del asalto a los cuarteles Moncada y Carlos Manuel de C\u00e9spedes, el Bur\u00f3 Pol\u00edtico del Comit\u00e9 Central del Partido Comunista de Cuba acord\u00f3 otorgar la Sede del Acto Central Nacional, el pr\u00f3ximo 26 de julio, a la provincia de Ciego de \u00c1vila.<\/p>\n<p>Este territorio mantiene estabilidad en el cumplimiento de las principales tareas en los \u00e1mbitos econ\u00f3mico, pol\u00edtico y social, a lo que ha contribuido el sistema de trabajo y coordinaci\u00f3n de las estructuras del Partido y del Gobierno con el pueblo, donde destaca la participaci\u00f3n activa de las nuevas generaciones como expresi\u00f3n de continuidad.<\/p>\n<p>En la etapa se constata un mayor control e impulso a los programas de producci\u00f3n de alimentos, lo que ha permitido cumplir los principales indicadores productivos y obtener resultados favorables en la siembra de cultivos varios. Un ejemplo de ello se expresa en la recuperaci\u00f3n de la Empresa Agropecuaria \u201cLa Cuba\u201d.<\/p>\n<p>Ciego de \u00c1vila se destaca en las ventas, la circulaci\u00f3n mercantil minorista, la producci\u00f3n local de materiales de la construcci\u00f3n, el transporte, la transformaci\u00f3n digital y el perfeccionamiento del comercio, a la vez que se encuentra entre las de mayores producciones del Ministerio de la Industria Alimentaria.<\/p>\n<p>En el territorio, \u201cLos Jardines del Rey\u201d, contin\u00faan consolid\u00e1ndose como uno de los destinos tur\u00edsticos principales del pa\u00eds y en el \u00e1rea del Caribe.<\/p>\n<p>En la esfera social la provincia muestra una tasa de mortalidad infantil de 5,9 por cada mil nacidos vivos y no reporta muertes maternas. Se aprecian resultados en la educaci\u00f3n y en el sistema de gesti\u00f3n de ciencia e innovaci\u00f3n aplicado a proyectos de desarrollo local, que contribuyen a la b\u00fasqueda de soluciones a los problemas de la poblaci\u00f3n.<\/p>\n<p>Se corroboran avances en la calidad de los servicios, la vinculaci\u00f3n de las formas productivas a los sistemas de atenci\u00f3n a las familias y a las pol\u00edticas para los ni\u00f1os, ni\u00f1as, adolescentes y j\u00f3venes, as\u00ed como a los adultos mayores.<\/p>\n<p>Igualmente destaca en el cumplimiento de los planes de preparaci\u00f3n del pa\u00eds para la defensa.<\/p>\n<p>Al realizar el an\u00e1lisis el Bur\u00f3 Pol\u00edtico acord\u00f3, adem\u00e1s, conferir la condici\u00f3n de Destacada a la provincia de Sancti Sp\u00edritus, sede anterior de los festejos por el 26 de Julio, la que ha mantenido un trabajo estable en los \u00faltimos a\u00f1os, expresado en los indicadores socioecon\u00f3micos.<\/p>\n<p>De la misma manera, otorg\u00f3 un Reconocimiento a la provincia de Guant\u00e1namo, a partir del impulso a los programas priorizados, con amplia participaci\u00f3n popular, como se constat\u00f3 en la recuperaci\u00f3n tras el paso del hurac\u00e1n Oscar.<\/p>\n<p>Las tres provincias reconocidas enfrentan situaciones similares al resto del pa\u00eds, pero en ellas se aprecia un mayor avance en la b\u00fasqueda de soluciones, sin desconocer los desaf\u00edos del momento actual, las dificultades que provoca la pol\u00edtica del bloqueo de Estados Unidos y nuestras propias insuficiencias.<\/p>\n<p>De manera especial el Bur\u00f3 Pol\u00edtico reconoce y felicita al pueblo cubano, que ha protagonizado jornadas de verdadera heroicidad y resistencia creativa frente a los intentos del imperialismo de doblegarnos y mancillar la obra por la que varias generaciones han ofrendado su vida.<\/p>\n<p>Hagamos de las celebraciones por el 26 de Julio el mayor homenaje a Fidel, a Ra\u00fal y a los j\u00f3venes del Centenario como una permanente Vindicaci\u00f3n de Cuba, con la clara certeza de que: \u00a1La lucha no ha cesado!<\/p>\n","protected":false},"excerpt":{"rendered":"<p>Con motivo del aniversario 72 del asalto a los cuarteles Moncada y Carlos Manuel de C\u00e9spedes, el Bur\u00f3 Pol\u00edtico del Comit\u00e9 Central del Partido Comunista de Cuba acord\u00f3 otorgar la Sede del Acto Central Nacional, el pr\u00f3ximo 26 de julio, a la provincia de Ciego de \u00c1vila, mientras Sancti Sp\u00edritus result\u00f3 Provincia Destacada y Guant\u00e1namo mereci\u00f3 un reconocimiento <\/p>\n","protected":false},"author":4,"featured_media":14586,"comment_status":"open","ping_status":"open","sticky":false,"template":"","format":"standard","meta":{"_acf_changed":false,"footnotes":""},"categories":[3,8,1],"tags":[1957,1165,1780],"coauthors":[1883],"class_list":["post-48711","post","type-post","status-publish","format-standard","has-post-thumbnail","hentry","category-cuba","category-noticia","category-sancti-spiritus","tag-26-de-julio","tag-ciego-de-avila","tag-sancti-spiritus"],"acf":[],"_links":{"self":[{"href":"https:\/\/www.radiosanctispiritus.cu\/es\/wp-json\/wp\/v2\/posts\/48711","targetHints":{"allow":["GET"]}}],"collection":[{"href":"https:\/\/www.radiosanctispiritus.cu\/es\/wp-json\/wp\/v2\/posts"}],"about":[{"href":"https:\/\/www.radiosanctispiritus.cu\/es\/wp-json\/wp\/v2\/types\/post"}],"author":[{"embeddable":true,"href":"https:\/\/www.radiosanctispiritus.cu\/es\/wp-json\/wp\/v2\/users\/4"}],"replies":[{"embeddable":true,"href":"https:\/\/www.radiosanctispiritus.cu\/es\/wp-json\/wp\/v2\/comments?post=48711"}],"version-history":[{"count":0,"href":"https:\/\/www.radiosanctispiritus.cu\/es\/wp-json\/wp\/v2\/posts\/48711\/revisions"}],"wp:featuredmedia":[{"embeddable":true,"href":"https:\/\/www.radiosanctispiritus.cu\/es\/wp-json\/wp\/v2\/media\/14586"}],"wp:attachment":[{"href":"https:\/\/www.radiosanctispiritus.cu\/es\/wp-json\/wp\/v2\/media?parent=48711"}],"wp:term":[{"taxonomy":"category","embeddable":true,"href":"https:\/\/www.radiosanctispiritus.cu\/es\/wp-json\/wp\/v2\/categories?post=48711"},{"taxonomy":"post_tag","embeddable":true,"href":"https:\/\/www.radiosanctispiritus.cu\/es\/wp-json\/wp\/v2\/tags?post=48711"},{"taxonomy":"author","embeddable":true,"href":"https:\/\/www.radiosanctispiritus.cu\/es\/wp-json\/wp\/v2\/coauthors?post=48711"}],"curies":[{"name":"wp","href":"https:\/\/api.w.org\/{rel}","templated":true}]}}