{"id":48704,"date":"2025-06-13T18:48:33","date_gmt":"2025-06-13T22:48:33","guid":{"rendered":"https:\/\/www.radiosanctispiritus.cu\/es\/?p=48704"},"modified":"2025-06-13T17:10:05","modified_gmt":"2025-06-13T21:10:05","slug":"finca-agroturistica-chalet-los-alamos-lista-para-recibir-a-sus-visitantes","status":"publish","type":"post","link":"https:\/\/www.radiosanctispiritus.cu\/es\/finca-agroturistica-chalet-los-alamos-lista-para-recibir-a-sus-visitantes\/","title":{"rendered":"Finca agrotur\u00edstica \u00abChalet Los \u00c1lamos\u00bb lista para recibir a sus visitantes"},"content":{"rendered":"<p>La Finca Agrotur\u00edstica Los \u00c1lamos, perteneciente a la Empresa Flora y Fauna Sancti Sp\u00edritus y enclavada en el norte\u00f1o municipio de Yaguajay, contin\u00faa como una atractiva opci\u00f3n para visitantes nacionales y for\u00e1neos.<\/p>\n<p><iframe src=\"https:\/\/www.ivoox.com\/player_ej_150094545_6_1.html?c1=7a0d0b\" width=\"100%\" height=\"200\" frameborder=\"0\" scrolling=\"no\" allowfullscreen=\"allowfullscreen\"><\/iframe><\/p>\n<p><img decoding=\"async\" class=\"size-medium wp-image-48708 aligncenter\" src=\"https:\/\/www.radiosanctispiritus.cu\/es\/wp-content\/uploads\/Finca-los-alamos-3-600x399.jpg\" alt=\"Fotos: Prensa Latina.\" width=\"600\" height=\"399\" srcset=\"https:\/\/www.radiosanctispiritus.cu\/es\/wp-content\/uploads\/Finca-los-alamos-3-600x399.jpg 600w, https:\/\/www.radiosanctispiritus.cu\/es\/wp-content\/uploads\/Finca-los-alamos-3-768x511.jpg 768w, https:\/\/www.radiosanctispiritus.cu\/es\/wp-content\/uploads\/Finca-los-alamos-3.jpg 870w\" sizes=\"(max-width: 600px) 100vw, 600px\" \/><\/p>\n","protected":false},"excerpt":{"rendered":"<p>La Finca Agrotur\u00edstica Los \u00c1lamos, perteneciente a la Empresa Flora y Fauna Sancti Sp\u00edritus y enclavada en el norte\u00f1o municipio de Yaguajay, contin\u00faa como una atractiva opci\u00f3n para visitantes nacionales y for\u00e1neos.<\/p>\n","protected":false},"author":165,"featured_media":48706,"comment_status":"open","ping_status":"open","sticky":false,"template":"","format":"standard","meta":{"_acf_changed":false,"footnotes":""},"categories":[8,9,1,1170],"tags":[246,486,106],"coauthors":[1881],"class_list":["post-48704","post","type-post","status-publish","format-standard","has-post-thumbnail","hentry","category-noticia","category-en-audio","category-sancti-spiritus","category-turismo","tag-flora-y-fauna","tag-turismo-de-naturaleza","tag-yaguajay"],"acf":[],"_links":{"self":[{"href":"https:\/\/www.radiosanctispiritus.cu\/es\/wp-json\/wp\/v2\/posts\/48704","targetHints":{"allow":["GET"]}}],"collection":[{"href":"https:\/\/www.radiosanctispiritus.cu\/es\/wp-json\/wp\/v2\/posts"}],"about":[{"href":"https:\/\/www.radiosanctispiritus.cu\/es\/wp-json\/wp\/v2\/types\/post"}],"author":[{"embeddable":true,"href":"https:\/\/www.radiosanctispiritus.cu\/es\/wp-json\/wp\/v2\/users\/165"}],"replies":[{"embeddable":true,"href":"https:\/\/www.radiosanctispiritus.cu\/es\/wp-json\/wp\/v2\/comments?post=48704"}],"version-history":[{"count":0,"href":"https:\/\/www.radiosanctispiritus.cu\/es\/wp-json\/wp\/v2\/posts\/48704\/revisions"}],"wp:featuredmedia":[{"embeddable":true,"href":"https:\/\/www.radiosanctispiritus.cu\/es\/wp-json\/wp\/v2\/media\/48706"}],"wp:attachment":[{"href":"https:\/\/www.radiosanctispiritus.cu\/es\/wp-json\/wp\/v2\/media?parent=48704"}],"wp:term":[{"taxonomy":"category","embeddable":true,"href":"https:\/\/www.radiosanctispiritus.cu\/es\/wp-json\/wp\/v2\/categories?post=48704"},{"taxonomy":"post_tag","embeddable":true,"href":"https:\/\/www.radiosanctispiritus.cu\/es\/wp-json\/wp\/v2\/tags?post=48704"},{"taxonomy":"author","embeddable":true,"href":"https:\/\/www.radiosanctispiritus.cu\/es\/wp-json\/wp\/v2\/coauthors?post=48704"}],"curies":[{"name":"wp","href":"https:\/\/api.w.org\/{rel}","templated":true}]}}