{"id":48608,"date":"2025-06-11T21:30:01","date_gmt":"2025-06-12T01:30:01","guid":{"rendered":"https:\/\/www.radiosanctispiritus.cu\/es\/?p=48608"},"modified":"2025-06-12T02:07:47","modified_gmt":"2025-06-12T06:07:47","slug":"incrementan-salidas-diarias-desde-municipios-espirituanos-hacia-la-cabecera-provincial","status":"publish","type":"post","link":"https:\/\/www.radiosanctispiritus.cu\/es\/incrementan-salidas-diarias-desde-municipios-espirituanos-hacia-la-cabecera-provincial\/","title":{"rendered":"Incrementan salidas diarias desde municipios espirituanos hacia la cabecera provincial"},"content":{"rendered":"<p>Dos salidas diarias de \u00f3mnibus pertenecientes a la Empresa Provincial de Transporte, adem\u00e1s de las salidas de apertura y cierre, completar\u00e1n el servicio de transportaci\u00f3n desde los municipios hacia la cabecera provincial en horarios intermedios, en apoyo a la movilidad de pasajeros en Sancti Sp\u00edritus.<\/p>\n<p><iframe src=\"https:\/\/www.ivoox.com\/player_ej_150009355_6_1.html?c1=7a0d0b\" width=\"100%\" height=\"200\" frameborder=\"0\" allowfullscreen=\"\" scrolling=\"no\" loading=\"lazy\"><\/iframe><\/p>\n","protected":false},"excerpt":{"rendered":"<p>Dos salidas diarias de \u00f3mnibus pertenecientes a la Empresa Provincial de Transporte, adem\u00e1s de las salidas de apertura y cierre, completar\u00e1n el servicio de transportaci\u00f3n desde los municipios hacia la cabecera provincial en horarios intermedios, en apoyo a la movilidad de pasajeros en Sancti Sp\u00edritus.<\/p>\n","protected":false},"author":28,"featured_media":34884,"comment_status":"open","ping_status":"open","sticky":false,"template":"","format":"standard","meta":{"_acf_changed":false,"footnotes":""},"categories":[8,9,1],"tags":[],"coauthors":[1873],"class_list":["post-48608","post","type-post","status-publish","format-standard","has-post-thumbnail","hentry","category-noticia","category-en-audio","category-sancti-spiritus"],"acf":[],"_links":{"self":[{"href":"https:\/\/www.radiosanctispiritus.cu\/es\/wp-json\/wp\/v2\/posts\/48608","targetHints":{"allow":["GET"]}}],"collection":[{"href":"https:\/\/www.radiosanctispiritus.cu\/es\/wp-json\/wp\/v2\/posts"}],"about":[{"href":"https:\/\/www.radiosanctispiritus.cu\/es\/wp-json\/wp\/v2\/types\/post"}],"author":[{"embeddable":true,"href":"https:\/\/www.radiosanctispiritus.cu\/es\/wp-json\/wp\/v2\/users\/28"}],"replies":[{"embeddable":true,"href":"https:\/\/www.radiosanctispiritus.cu\/es\/wp-json\/wp\/v2\/comments?post=48608"}],"version-history":[{"count":0,"href":"https:\/\/www.radiosanctispiritus.cu\/es\/wp-json\/wp\/v2\/posts\/48608\/revisions"}],"wp:featuredmedia":[{"embeddable":true,"href":"https:\/\/www.radiosanctispiritus.cu\/es\/wp-json\/wp\/v2\/media\/34884"}],"wp:attachment":[{"href":"https:\/\/www.radiosanctispiritus.cu\/es\/wp-json\/wp\/v2\/media?parent=48608"}],"wp:term":[{"taxonomy":"category","embeddable":true,"href":"https:\/\/www.radiosanctispiritus.cu\/es\/wp-json\/wp\/v2\/categories?post=48608"},{"taxonomy":"post_tag","embeddable":true,"href":"https:\/\/www.radiosanctispiritus.cu\/es\/wp-json\/wp\/v2\/tags?post=48608"},{"taxonomy":"author","embeddable":true,"href":"https:\/\/www.radiosanctispiritus.cu\/es\/wp-json\/wp\/v2\/coauthors?post=48608"}],"curies":[{"name":"wp","href":"https:\/\/api.w.org\/{rel}","templated":true}]}}