{"id":48590,"date":"2025-06-12T04:21:34","date_gmt":"2025-06-12T08:21:34","guid":{"rendered":"https:\/\/www.radiosanctispiritus.cu\/es\/?p=48590"},"modified":"2025-06-12T06:53:37","modified_gmt":"2025-06-12T10:53:37","slug":"estudio-integral-en-sancti-spiritus-busca-fomentar-recuperacion-de-de-infraestructura-vial","status":"publish","type":"post","link":"https:\/\/www.radiosanctispiritus.cu\/es\/estudio-integral-en-sancti-spiritus-busca-fomentar-recuperacion-de-de-infraestructura-vial\/","title":{"rendered":"Estudio integral en Sancti Sp\u00edritus busca fomentar recuperaci\u00f3n de de infraestructura vial"},"content":{"rendered":"<p>Mantener la vitalidad de las se\u00f1ales del tr\u00e1nsito recuperadas, as\u00ed como controlar\u00a0los principales indicadores que se involucran en la v\u00eda p\u00fablica, lidera el\u00a0estudio integral donde intervienen varios factores del sector del transporte\u00a0en Sancti Sp\u00edritus con el prop\u00f3sito de organizar la movilidad de los veh\u00edculos\u00a0el\u00e9ctricos y aquellos ensamblados por partes y piezas.<\/p>\n<p>Julio Aguilar P\u00e9rez, al\u00a0frente del Centro Provincial de Ingenier\u00eda del Tr\u00e1nsito, refiri\u00f3 detalles.<\/p>\n<p>\u201c\u00a0Ya se llev\u00f3 a la Comisi\u00f3n Municipal de Seguridad Vial de Sancti Sp\u00edritus, se dio el visto bueno, es decir, estamos de acuerdo todos los que estamos implicados en ello, de la necesidad que eso conlleva, porque eso protege al peat\u00f3n, mejora la seguridad vial, es decir, que no solamente en Cuba eso se practica, sino que en muchos pa\u00edses del mundo, esto de asegurar la velocidad es un elemento importante en la seguridad vial, y eso est\u00e1 bastante avanzado.<\/p>\n<p>Este estudio integral regular\u00e1 la cantidad de veh\u00edculos e indisciplinas en la v\u00eda.\u00a0\u00a0Para los ciclocarriles, se plantea mejorar todas las v\u00edas.<\/p>\n<p>Instalaci\u00f3n de nuevos sem\u00e1foros y reductores de velocidad tambi\u00e9n se prev\u00e9n.<\/p>\n<p><iframe src=\"https:\/\/www.ivoox.com\/player_ej_149905837_6_1.html?c1=7a0d0b\" width=\"100%\" height=\"200\" frameborder=\"0\" scrolling=\"no\" allowfullscreen=\"allowfullscreen\"><\/iframe><\/p>\n","protected":false},"excerpt":{"rendered":"<p>Mantener la vitalidad de las se\u00f1ales del tr\u00e1nsito recuperadas, as\u00ed como controlar\u00a0los principales indicadores que se involucran en la v\u00eda p\u00fablica, lidera el\u00a0estudio integral donde intervienen varios factores del sector del transporte\u00a0en Sancti Sp\u00edritus con el prop\u00f3sito de organizar la movilidad de los veh\u00edculos\u00a0el\u00e9ctricos y aquellos ensamblados por partes y piezas.<\/p>\n","protected":false},"author":28,"featured_media":48596,"comment_status":"open","ping_status":"open","sticky":false,"template":"","format":"standard","meta":{"_acf_changed":false,"footnotes":""},"categories":[9],"tags":[],"coauthors":[1873],"class_list":["post-48590","post","type-post","status-publish","format-standard","has-post-thumbnail","hentry","category-en-audio"],"acf":[],"_links":{"self":[{"href":"https:\/\/www.radiosanctispiritus.cu\/es\/wp-json\/wp\/v2\/posts\/48590","targetHints":{"allow":["GET"]}}],"collection":[{"href":"https:\/\/www.radiosanctispiritus.cu\/es\/wp-json\/wp\/v2\/posts"}],"about":[{"href":"https:\/\/www.radiosanctispiritus.cu\/es\/wp-json\/wp\/v2\/types\/post"}],"author":[{"embeddable":true,"href":"https:\/\/www.radiosanctispiritus.cu\/es\/wp-json\/wp\/v2\/users\/28"}],"replies":[{"embeddable":true,"href":"https:\/\/www.radiosanctispiritus.cu\/es\/wp-json\/wp\/v2\/comments?post=48590"}],"version-history":[{"count":0,"href":"https:\/\/www.radiosanctispiritus.cu\/es\/wp-json\/wp\/v2\/posts\/48590\/revisions"}],"wp:featuredmedia":[{"embeddable":true,"href":"https:\/\/www.radiosanctispiritus.cu\/es\/wp-json\/wp\/v2\/media\/48596"}],"wp:attachment":[{"href":"https:\/\/www.radiosanctispiritus.cu\/es\/wp-json\/wp\/v2\/media?parent=48590"}],"wp:term":[{"taxonomy":"category","embeddable":true,"href":"https:\/\/www.radiosanctispiritus.cu\/es\/wp-json\/wp\/v2\/categories?post=48590"},{"taxonomy":"post_tag","embeddable":true,"href":"https:\/\/www.radiosanctispiritus.cu\/es\/wp-json\/wp\/v2\/tags?post=48590"},{"taxonomy":"author","embeddable":true,"href":"https:\/\/www.radiosanctispiritus.cu\/es\/wp-json\/wp\/v2\/coauthors?post=48590"}],"curies":[{"name":"wp","href":"https:\/\/api.w.org\/{rel}","templated":true}]}}