{"id":48504,"date":"2025-06-10T15:25:31","date_gmt":"2025-06-10T19:25:31","guid":{"rendered":"https:\/\/www.radiosanctispiritus.cu\/es\/?p=48504"},"modified":"2025-06-10T22:48:28","modified_gmt":"2025-06-11T02:48:28","slug":"sancti-spiritus-provincia-mas-destacada-del-pais-en-campana-contra-incendios-forestales","status":"publish","type":"post","link":"https:\/\/www.radiosanctispiritus.cu\/es\/sancti-spiritus-provincia-mas-destacada-del-pais-en-campana-contra-incendios-forestales\/","title":{"rendered":"Sancti Sp\u00edritus, provincia m\u00e1s destacada en campa\u00f1a contra incendios forestales"},"content":{"rendered":"<p>La provincia de Sancti Sp\u00edritus fue reconocida como el territorio m\u00e1s destacado en la pasada campa\u00f1a contra incendios forestales, que concluy\u00f3 su per\u00edodo m\u00e1s cr\u00edtico el pasado mes de mayo. Trinidad fue el municipio donde se report\u00f3 el mayor n\u00famero de estos siniestros, con 40 hect\u00e1reas de bosque afectadas.<\/p>\n<p><iframe src=\"https:\/\/www.ivoox.com\/player_ej_149842426_6_1.html?c1=7a0d0b\" width=\"100%\" height=\"200\" frameborder=\"0\" scrolling=\"no\" allowfullscreen=\"allowfullscreen\"><\/iframe><\/p>\n","protected":false},"excerpt":{"rendered":"<p>La provincia de Sancti Sp\u00edritus fue reconocida como el territorio m\u00e1s destacado en la pasada campa\u00f1a contra incendios forestales, que concluy\u00f3 su per\u00edodo m\u00e1s cr\u00edtico el pasado mes de mayo. Trinidad fue el municipio donde se report\u00f3 el mayor n\u00famero de estos siniestros, con 40 hect\u00e1reas de bosque afectadas.<\/p>\n","protected":false},"author":28,"featured_media":48505,"comment_status":"open","ping_status":"open","sticky":false,"template":"","format":"standard","meta":{"_acf_changed":false,"footnotes":""},"categories":[8,9,1],"tags":[],"coauthors":[1873],"class_list":["post-48504","post","type-post","status-publish","format-standard","has-post-thumbnail","hentry","category-noticia","category-en-audio","category-sancti-spiritus"],"acf":[],"_links":{"self":[{"href":"https:\/\/www.radiosanctispiritus.cu\/es\/wp-json\/wp\/v2\/posts\/48504","targetHints":{"allow":["GET"]}}],"collection":[{"href":"https:\/\/www.radiosanctispiritus.cu\/es\/wp-json\/wp\/v2\/posts"}],"about":[{"href":"https:\/\/www.radiosanctispiritus.cu\/es\/wp-json\/wp\/v2\/types\/post"}],"author":[{"embeddable":true,"href":"https:\/\/www.radiosanctispiritus.cu\/es\/wp-json\/wp\/v2\/users\/28"}],"replies":[{"embeddable":true,"href":"https:\/\/www.radiosanctispiritus.cu\/es\/wp-json\/wp\/v2\/comments?post=48504"}],"version-history":[{"count":0,"href":"https:\/\/www.radiosanctispiritus.cu\/es\/wp-json\/wp\/v2\/posts\/48504\/revisions"}],"wp:featuredmedia":[{"embeddable":true,"href":"https:\/\/www.radiosanctispiritus.cu\/es\/wp-json\/wp\/v2\/media\/48505"}],"wp:attachment":[{"href":"https:\/\/www.radiosanctispiritus.cu\/es\/wp-json\/wp\/v2\/media?parent=48504"}],"wp:term":[{"taxonomy":"category","embeddable":true,"href":"https:\/\/www.radiosanctispiritus.cu\/es\/wp-json\/wp\/v2\/categories?post=48504"},{"taxonomy":"post_tag","embeddable":true,"href":"https:\/\/www.radiosanctispiritus.cu\/es\/wp-json\/wp\/v2\/tags?post=48504"},{"taxonomy":"author","embeddable":true,"href":"https:\/\/www.radiosanctispiritus.cu\/es\/wp-json\/wp\/v2\/coauthors?post=48504"}],"curies":[{"name":"wp","href":"https:\/\/api.w.org\/{rel}","templated":true}]}}