{"id":48501,"date":"2025-06-10T15:20:42","date_gmt":"2025-06-10T19:20:42","guid":{"rendered":"https:\/\/www.radiosanctispiritus.cu\/es\/?p=48501"},"modified":"2025-06-10T21:13:07","modified_gmt":"2025-06-11T01:13:07","slug":"pintora-trinitaria-representa-a-cuba-en-evento-internacional-en-holanda","status":"publish","type":"post","link":"https:\/\/www.radiosanctispiritus.cu\/es\/pintora-trinitaria-representa-a-cuba-en-evento-internacional-en-holanda\/","title":{"rendered":"Pintora trinitaria representa a Cuba en evento internacional en Holanda"},"content":{"rendered":"<p>Es la cuarta ocasi\u00f3n que la pintora de Trinidad de Cuba Yudit Vidal Faife representa a la isla en el Festival Internacional Kunst In Het Volkspark , Arte en el parque del pueblo, que anualmente se celebra en la ciudad de Enschede en los Pa\u00edses Bajos al norte de Holanda con la asistencia de artistas de diferentes manifestaciones.<\/p>\n<p>La art\u00edfice del pincel expone 15 piezas de mediano formato que pertenecen a la colecci\u00f3n \u201cEsparcimiento an\u00edmico\u201d la cual retoma exclusivamente para incursionar en la 30 edici\u00f3n de la cita, inaugurada este domingo 8 de junio.<\/p>\n<p>\u201cEsas piezas est\u00e1n hechas con la t\u00e9cnica de acr\u00edlico sobre lienzo, entre los 60 y 70 cent\u00edmetros de largo por ancho , todo un desborde de dibujos que muestran un fondo de colores vibrantes propios del Caribe\u201d.<\/p>\n<p>Yudit expres\u00f3 la dicha de ser acogida en la ciudad de Enschede que le trae a la memoria a su entra\u00f1able Trinidad de Cuba por lo antiguas que resultan ambas urbes.<\/p>\n<div id=\"attachment_48551\" style=\"width: 1010px\" class=\"wp-caption aligncenter\"><img decoding=\"async\" aria-describedby=\"caption-attachment-48551\" class=\"size-full wp-image-48551\" src=\"https:\/\/www.radiosanctispiritus.cu\/es\/wp-content\/uploads\/yudit-vidal-faife-holanda.jpeg\" alt=\"Yudit Vidal Faife expone 15 piezas de mediano formato que pertenecen a la colecci\u00f3n \u201cEsparcimiento an\u00edmico\u201d.\" width=\"1000\" height=\"563\" srcset=\"https:\/\/www.radiosanctispiritus.cu\/es\/wp-content\/uploads\/yudit-vidal-faife-holanda.jpeg 1000w, https:\/\/www.radiosanctispiritus.cu\/es\/wp-content\/uploads\/yudit-vidal-faife-holanda-600x338.jpeg 600w, https:\/\/www.radiosanctispiritus.cu\/es\/wp-content\/uploads\/yudit-vidal-faife-holanda-768x432.jpeg 768w, https:\/\/www.radiosanctispiritus.cu\/es\/wp-content\/uploads\/yudit-vidal-faife-holanda-960x540.jpeg 960w, https:\/\/www.radiosanctispiritus.cu\/es\/wp-content\/uploads\/yudit-vidal-faife-holanda-605x340.jpeg 605w, https:\/\/www.radiosanctispiritus.cu\/es\/wp-content\/uploads\/yudit-vidal-faife-holanda-290x163.jpeg 290w, https:\/\/www.radiosanctispiritus.cu\/es\/wp-content\/uploads\/yudit-vidal-faife-holanda-460x259.jpeg 460w\" sizes=\"(max-width: 1000px) 100vw, 1000px\" \/><p id=\"caption-attachment-48551\" class=\"wp-caption-text\">Yudit Vidal Faife expone 15 piezas de mediano formato que pertenecen a la colecci\u00f3n \u201cEsparcimiento an\u00edmico\u201d.<\/p><\/div>\n<p>\u201c700 a\u00f1os cumple la ciudad que tiene caracter\u00edsticas de la \u00e9poca medieval recreada en sus pintorescas edificaciones , aqu\u00ed cada a\u00f1o se celebra esta festividad que atrae visitantes de todas partes, alrededor de 20000 personas acuden a la magna cita, una de las m\u00e1s importantes de la regi\u00f3n\u201d.<\/p>\n<p>La obra de Yudit Vidal Faife es conocida en varios pa\u00edses del Viejo Continente como Italia, Ruman\u00eda, Espa\u00f1a, Francia, Alemania, Austria y Luxemburgo, la artista posee m\u00faltiples premios nacionales e internacionales, destaca el t\u00edtulo de Embajadora Universal de la Paz, por el C\u00edrculo Internacional de Embajadores de la Paz con sede en Suiza y Francia.<\/p>\n<p>La creadora trinitaria agradeci\u00f3 el apoyo del Consejo Nacional de las Artes Pl\u00e1sticas para asistir al Festival Internacional Kunst In Het Volkspark , Arte en el parque del pueblo, as\u00ed como a sus organizadores por la invitaci\u00f3n.<\/p>\n<p><iframe src=\"https:\/\/www.ivoox.com\/player_ej_149842817_6_1.html?c1=7a0d0b\" width=\"100%\" height=\"200\" frameborder=\"0\" scrolling=\"no\" allowfullscreen=\"allowfullscreen\"><\/iframe><\/p>\n","protected":false},"excerpt":{"rendered":"<p>Es la cuarta ocasi\u00f3n que la pintora de Trinidad de Cuba Yudit Vidal Faife representa a la isla en el Festival Internacional Kunst In Het Volkspark, Arte en el parque del pueblo, que anualmente se celebra en la ciudad de Enschede en los Pa\u00edses Bajos, al norte de Holanda, con la asistencia de artistas de diferentes manifestaciones.<\/p>\n","protected":false},"author":145,"featured_media":48513,"comment_status":"open","ping_status":"open","sticky":false,"template":"","format":"standard","meta":{"_acf_changed":false,"footnotes":""},"categories":[8,6,9],"tags":[1960,40,1659],"coauthors":[1886],"class_list":["post-48501","post","type-post","status-publish","format-standard","has-post-thumbnail","hentry","category-noticia","category-cultura","category-en-audio","tag-pintura","tag-trinidad","tag-yudit-vidal-faife"],"acf":[],"_links":{"self":[{"href":"https:\/\/www.radiosanctispiritus.cu\/es\/wp-json\/wp\/v2\/posts\/48501","targetHints":{"allow":["GET"]}}],"collection":[{"href":"https:\/\/www.radiosanctispiritus.cu\/es\/wp-json\/wp\/v2\/posts"}],"about":[{"href":"https:\/\/www.radiosanctispiritus.cu\/es\/wp-json\/wp\/v2\/types\/post"}],"author":[{"embeddable":true,"href":"https:\/\/www.radiosanctispiritus.cu\/es\/wp-json\/wp\/v2\/users\/145"}],"replies":[{"embeddable":true,"href":"https:\/\/www.radiosanctispiritus.cu\/es\/wp-json\/wp\/v2\/comments?post=48501"}],"version-history":[{"count":0,"href":"https:\/\/www.radiosanctispiritus.cu\/es\/wp-json\/wp\/v2\/posts\/48501\/revisions"}],"wp:featuredmedia":[{"embeddable":true,"href":"https:\/\/www.radiosanctispiritus.cu\/es\/wp-json\/wp\/v2\/media\/48513"}],"wp:attachment":[{"href":"https:\/\/www.radiosanctispiritus.cu\/es\/wp-json\/wp\/v2\/media?parent=48501"}],"wp:term":[{"taxonomy":"category","embeddable":true,"href":"https:\/\/www.radiosanctispiritus.cu\/es\/wp-json\/wp\/v2\/categories?post=48501"},{"taxonomy":"post_tag","embeddable":true,"href":"https:\/\/www.radiosanctispiritus.cu\/es\/wp-json\/wp\/v2\/tags?post=48501"},{"taxonomy":"author","embeddable":true,"href":"https:\/\/www.radiosanctispiritus.cu\/es\/wp-json\/wp\/v2\/coauthors?post=48501"}],"curies":[{"name":"wp","href":"https:\/\/api.w.org\/{rel}","templated":true}]}}