{"id":48492,"date":"2025-06-10T14:47:28","date_gmt":"2025-06-10T18:47:28","guid":{"rendered":"https:\/\/www.radiosanctispiritus.cu\/es\/?p=48492"},"modified":"2025-06-10T14:47:28","modified_gmt":"2025-06-10T18:47:28","slug":"el-sublime-son-espirituano","status":"publish","type":"post","link":"https:\/\/www.radiosanctispiritus.cu\/es\/el-sublime-son-espirituano\/","title":{"rendered":"El sublime son espirituano"},"content":{"rendered":"<p>Este 10 de junio el Septeto Espirituano est\u00e1 celebrando su aniversario 99.<\/p>\n<p>Haciendo un poco de historia se dice que el primer septeto fundado en Sancti Spiritus fue el Septeto Machado, que dej\u00f3 escuchar su m\u00fasica en el a\u00f1o 1924.<\/p>\n<p>El Septeto Machado, surgi\u00f3 del Coro de Clave \u201cLa Yaya\u201d, para apoyar la campa\u00f1a presidencial de Gerardo Machado. Su existencia fue ef\u00edmera y no consigui\u00f3 el reconocimiento de su emplazamiento est\u00e9tico.<\/p>\n<p>Poco tiempo despu\u00e9s, y fundado por el guitarrista Valeriano Garc\u00eda, surgir\u00eda la agrupaci\u00f3n que, con el nombre de su director, y luego con los naturales cambios de integrantes y repertorio, ser\u00eda reconocido hasta hoy como Septeto Espirituano.<\/p>\n<p>Entonces, hace 99 a\u00f1os, el Septeto de Valeriano Garc\u00eda, luego Septeto Espirituano, se cre\u00f3 el 10 de junio de 1926 en una fiesta privada en la residencia del Doctor Mario Garc\u00eda Madrigal, siendo esta la referencia de constituci\u00f3n y aprobaci\u00f3n p\u00fablica del referido grupo.<\/p>\n<p>A casi un siglo de existencia el Septeto Espirituano es fundador de la casa de la trova Miguel Companioni. En el \u00e1mbito internacional particip\u00f3 en el primer encuentro del son y la m\u00fasica flamenca en Espa\u00f1a, en el festival internacional del Caribe en las islas Martinica y Guadalupe. Durante un a\u00f1o trabaj\u00f3 en la Bodeguita del Medio de Guadalajara M\u00e9xico.<\/p>\n<p>Hoy est\u00e1 integrado por la cuarta generaci\u00f3n de m\u00fasicos, y mantiene como sello permanente los mismos ritmos de sus inicios, sin olvidar, piezas antol\u00f3gicas de la m\u00fasica tradicional cubana, formando as\u00ed un repertorio amplio.<\/p>\n<p>Actualmente El Septeto Espirituano est\u00e1 formado por m\u00fasicos categorizados de primer nivel, lo que permite que sea incluido en el cat\u00e1logo de excelencia de la Empresa de la M\u00fasica \u201cRafael G\u00f3mez Mayea\u201d.<\/p>\n<p>Con m\u00fasicos que mantienen la estabilidad de su agrupaci\u00f3n, j\u00f3venes y a la vez experimentados instrumentistas, el Septeto Espirituano se encuentra en un excelente momento de su carrera.<\/p>\n<p>Con excelentes cantantes, donde destaca su voz principal, cuerdas balanceadas que dominan el espectro sonero, y una percusi\u00f3n de probada fuerza y calidad, la agrupaci\u00f3n se inscribe entre las mejores de este formato en el pa\u00eds.<\/p>\n<p>Desde hace 99 a\u00f1os al Septeto Espirituano lo distingue su sostenida calidad y fortaleza y mantiene la sonoridad del Son tradicional cubano.<\/p>\n<p>A casi un siglo de existencia, el Septeto Espirituano es Patrimonio de la M\u00fasica Cubana.<\/p>\n<p>&nbsp;<\/p>\n","protected":false},"excerpt":{"rendered":"<p>Este 10 de junio el Septeto Espirituano est\u00e1 celebrando su aniversario 99. Haciendo un poco de historia se dice que el primer septeto fundado en Sancti Spiritus fue el Septeto Machado, que dej\u00f3 escuchar su m\u00fasica en el a\u00f1o 1924. El Septeto Machado, surgi\u00f3 del Coro de Clave \u201cLa Yaya\u201d, para apoyar la campa\u00f1a presidencial [&hellip;]<\/p>\n","protected":false},"author":163,"featured_media":48493,"comment_status":"open","ping_status":"open","sticky":false,"template":"","format":"standard","meta":{"_acf_changed":false,"footnotes":""},"categories":[1023],"tags":[],"coauthors":[1890],"class_list":["post-48492","post","type-post","status-publish","format-standard","has-post-thumbnail","hentry","category-el-balcon-del-soto"],"acf":[],"_links":{"self":[{"href":"https:\/\/www.radiosanctispiritus.cu\/es\/wp-json\/wp\/v2\/posts\/48492","targetHints":{"allow":["GET"]}}],"collection":[{"href":"https:\/\/www.radiosanctispiritus.cu\/es\/wp-json\/wp\/v2\/posts"}],"about":[{"href":"https:\/\/www.radiosanctispiritus.cu\/es\/wp-json\/wp\/v2\/types\/post"}],"author":[{"embeddable":true,"href":"https:\/\/www.radiosanctispiritus.cu\/es\/wp-json\/wp\/v2\/users\/163"}],"replies":[{"embeddable":true,"href":"https:\/\/www.radiosanctispiritus.cu\/es\/wp-json\/wp\/v2\/comments?post=48492"}],"version-history":[{"count":0,"href":"https:\/\/www.radiosanctispiritus.cu\/es\/wp-json\/wp\/v2\/posts\/48492\/revisions"}],"wp:featuredmedia":[{"embeddable":true,"href":"https:\/\/www.radiosanctispiritus.cu\/es\/wp-json\/wp\/v2\/media\/48493"}],"wp:attachment":[{"href":"https:\/\/www.radiosanctispiritus.cu\/es\/wp-json\/wp\/v2\/media?parent=48492"}],"wp:term":[{"taxonomy":"category","embeddable":true,"href":"https:\/\/www.radiosanctispiritus.cu\/es\/wp-json\/wp\/v2\/categories?post=48492"},{"taxonomy":"post_tag","embeddable":true,"href":"https:\/\/www.radiosanctispiritus.cu\/es\/wp-json\/wp\/v2\/tags?post=48492"},{"taxonomy":"author","embeddable":true,"href":"https:\/\/www.radiosanctispiritus.cu\/es\/wp-json\/wp\/v2\/coauthors?post=48492"}],"curies":[{"name":"wp","href":"https:\/\/api.w.org\/{rel}","templated":true}]}}