{"id":48428,"date":"2025-06-09T04:36:24","date_gmt":"2025-06-09T08:36:24","guid":{"rendered":"https:\/\/www.radiosanctispiritus.cu\/es\/?p=48428"},"modified":"2025-06-08T15:45:53","modified_gmt":"2025-06-08T19:45:53","slug":"campismo-popular-en-sancti-spiritus-se-prepara-para-el-verano","status":"publish","type":"post","link":"https:\/\/www.radiosanctispiritus.cu\/es\/campismo-popular-en-sancti-spiritus-se-prepara-para-el-verano\/","title":{"rendered":"Campismo Popular en Sancti Sp\u00edritus se prepara para el verano"},"content":{"rendered":"<p><iframe src=\"https:\/\/www.ivoox.com\/player_ej_149720092_6_1.html?c1=7a0d0b\" width=\"100%\" height=\"200\" frameborder=\"0\" scrolling=\"no\" allowfullscreen=\"allowfullscreen\"><\/iframe><\/p>\n<p>Reparaciones, mantenimientos, construcci\u00f3n de parques r\u00fasticos infantiles y nuevos productos de turismo de naturaleza como senderos podr\u00e1n disfrutar los excursionistas durante la venidera temporada estival, que casi toca las puertas para el disfrute de la familia espirituana.<\/p>\n<p>As\u00ed lo enfatiz\u00f3 el director de la Instalaci\u00f3n de Campismo Popular Planta cant\u00fa, Michael Hern\u00e1ndez Romero, al frente de una de las bases m\u00e1s comercializadas de campismo en el territorio.<\/p>\n<p>\u201cNos hemos venido preparando para el verano y para esta fecha que es el inicio del verano de nosotros, porque ya a partir de ahora estamos en verano.<\/p>\n<p>Planta cant\u00fa tambi\u00e9n va a ser sede del acto provincial por el inicio del verano, junto con la carrera del Trail Planta Cant\u00fa, que es la cuarta edici\u00f3n que se va a celebrar, va a ser el \u00faltimo fin de semana de junio, y all\u00ed todo el pueblo est\u00e1 invitado a que participe en el acto central y adem\u00e1s para que vean el inicio y la carrera esta.<\/p>\n<p>La distribuci\u00f3n de nuevos productos enfocados en la distracci\u00f3n del cliente amenizar\u00e1 en el verano 2025, al decir de Hern\u00e1ndez Romero.<\/p>\n<p>Hemos hecho diferentes acciones de mantenimiento y previsto, tenemos creado un producto que esperemos que para el verano est\u00e9, que es un sendero a la cascada de Planta cant\u00fa, ya se est\u00e1 trabajando en \u00e9l, no la excursi\u00f3n que hac\u00edamos normalmente, esa ser\u00eda para los mismos campistas, pero se va a cobrar y all\u00ed va a tener un almuerzo, una merienda y algo m\u00e1s incluido dentro del paquete que se venda en esas entidades, que se puede vender en pasa dias desde la Oficina de Reservaciones.<\/p>\n<p>En la cafeter\u00eda hay diferentes productos, tenemos una muy buena y variada oferta de productos, creo que hoy el campismo est\u00e1 realmente potencializado en este aspecto.<\/p>\n<p>&nbsp;<\/p>\n","protected":false},"excerpt":{"rendered":"<p>Reparaciones, mantenimientos, construcci\u00f3n de parques r\u00fasticos infantiles y nuevos productos de turismo de naturaleza como senderos podr\u00e1n disfrutar los excursionistas durante la venidera temporada estival, que casi toca las puertas para el disfrute de la familia espirituana.<\/p>\n","protected":false},"author":28,"featured_media":29652,"comment_status":"open","ping_status":"open","sticky":false,"template":"","format":"standard","meta":{"_acf_changed":false,"footnotes":""},"categories":[9],"tags":[],"coauthors":[1873],"class_list":["post-48428","post","type-post","status-publish","format-standard","has-post-thumbnail","hentry","category-en-audio"],"acf":[],"_links":{"self":[{"href":"https:\/\/www.radiosanctispiritus.cu\/es\/wp-json\/wp\/v2\/posts\/48428","targetHints":{"allow":["GET"]}}],"collection":[{"href":"https:\/\/www.radiosanctispiritus.cu\/es\/wp-json\/wp\/v2\/posts"}],"about":[{"href":"https:\/\/www.radiosanctispiritus.cu\/es\/wp-json\/wp\/v2\/types\/post"}],"author":[{"embeddable":true,"href":"https:\/\/www.radiosanctispiritus.cu\/es\/wp-json\/wp\/v2\/users\/28"}],"replies":[{"embeddable":true,"href":"https:\/\/www.radiosanctispiritus.cu\/es\/wp-json\/wp\/v2\/comments?post=48428"}],"version-history":[{"count":0,"href":"https:\/\/www.radiosanctispiritus.cu\/es\/wp-json\/wp\/v2\/posts\/48428\/revisions"}],"wp:featuredmedia":[{"embeddable":true,"href":"https:\/\/www.radiosanctispiritus.cu\/es\/wp-json\/wp\/v2\/media\/29652"}],"wp:attachment":[{"href":"https:\/\/www.radiosanctispiritus.cu\/es\/wp-json\/wp\/v2\/media?parent=48428"}],"wp:term":[{"taxonomy":"category","embeddable":true,"href":"https:\/\/www.radiosanctispiritus.cu\/es\/wp-json\/wp\/v2\/categories?post=48428"},{"taxonomy":"post_tag","embeddable":true,"href":"https:\/\/www.radiosanctispiritus.cu\/es\/wp-json\/wp\/v2\/tags?post=48428"},{"taxonomy":"author","embeddable":true,"href":"https:\/\/www.radiosanctispiritus.cu\/es\/wp-json\/wp\/v2\/coauthors?post=48428"}],"curies":[{"name":"wp","href":"https:\/\/api.w.org\/{rel}","templated":true}]}}