{"id":48411,"date":"2025-06-07T23:20:04","date_gmt":"2025-06-08T03:20:04","guid":{"rendered":"https:\/\/www.radiosanctispiritus.cu\/es\/?p=48411"},"modified":"2025-06-07T23:20:04","modified_gmt":"2025-06-08T03:20:04","slug":"leer-es-crecer","status":"publish","type":"post","link":"https:\/\/www.radiosanctispiritus.cu\/es\/leer-es-crecer\/","title":{"rendered":"Leer es crecer"},"content":{"rendered":"<p>Se celebra hoy 7 de junio el D\u00eda del Bibliotecario en Cuba. Esta fecha fue escogida como homenaje a Antonio Bachiller Morales qui\u00e9n naciera el siete de junio de 1812.<\/p>\n<p>Antonio Bachiller y Morales llegar\u00eda a figurar entre los patriarcas de las letras cubanas en el siglo XIX.<\/p>\n<p>Acerca de Antonio Bachiller y Morales afirm\u00f3 Jos\u00e9 Mart\u00ed que las letras cubanas le estar\u00e1n siempre agradecidas por habernos legado estudios, relatos y biograf\u00edas que reflejan nuestro acontecer hist\u00f3rico en la primera mitad del siglo XIX.<\/p>\n<p>Las\u00a0bibliotecas,\u00a0como depositarias de la informaci\u00f3n escrita, surgieron no mucho despu\u00e9s de que se instaurara la escritura misma: aproximadamente entre los a\u00f1os 3mil y 2mil\u00a0antes de Cristo.<\/p>\n<p>Las\u00a0primeras\u00a0bibliotecas surgieron para guardar tablillas de arcilla que, por medio de inscripciones en escritura cuneiforme, registraban informaci\u00f3n acerca de cuestiones comerciales y legales.<\/p>\n<p>Muchos de estos primigenios centros \u201cbibliotecarios\u201d resultaron destruidos por terremotos e incendios, aunque gran parte de las tablillas que atesoraban se han conservado hasta la actualidad.<\/p>\n<p>Hacia el siglo primero antes de Cristo, los romanos acaudalados comenzaron a crear bibliotecas privadas con obras griegas y latinas. La creciente demanda de libros origin\u00f3 negocios paralelos de copistas y librer\u00edas, as\u00ed como la aparici\u00f3n de bibliotecas p\u00fablicas, surgidas en el siglo Dos en Roma.<\/p>\n<p>Con\u00a0la\u00a0invenci\u00f3n\u00a0de\u00a0la imprenta en el siglo XV y una econom\u00eda en expansi\u00f3n, los libros se hicieron m\u00e1s asequibles y la lectura aument\u00f3.<\/p>\n<p>Hoy d\u00eda el trabajo bibliotecario en Cuba es reconocido a nivel mundial, sobre todo por la preparaci\u00f3n de quienes lo realizan. Una extensa red de bibliotecas p\u00fablicas se extiende de una punta a la otra del territorio nacional, haciendo de la lectura un placer al alcance de todos.<\/p>\n<p>La Biblioteca Provincial \u201cRub\u00e9n Mart\u00ednez Villena\u201d, de Sancti Spiritus, \u00a0se distingue por ser depositaria del patrimonio bibliogr\u00e1fico provincial y por ende de la naci\u00f3n cubana.\u00a0 Atesora desde el siglo XIII y XX hasta el presente piezas de valor \u00fanico y excepcional, agrupados en diferentes soportes: manuscritos, libros, folletos, publicaciones seriadas, fotos, mapas, partituras, entre otros.<\/p>\n<p>Experiencias como la extensi\u00f3n bibliotecaria, la existencia de estas instituciones en los bateyes azucareros y las minibibliotecas en centros de trabajo, escuelas e incluso en centros penitenciarios son una expresi\u00f3n de la socializaci\u00f3n del libro y de c\u00f3mo el estado cubano promueve los h\u00e1bitos de lectura.<\/p>\n<p>En esta enumeraci\u00f3n un cap\u00edtulo aparte lo ocupan las salas de atenciones bibliotecarias a ciegos y d\u00e9biles visuales, con equipamiento y especialistas que promueven el sistema Braille para que las personas con esta incapacidad tambi\u00e9n puedan acceder al libro.<\/p>\n<p>Con esta filosof\u00eda el sistema bibliotecario cubano se ha erigido en un espacio en que la confrontaci\u00f3n, investigaci\u00f3n y promoci\u00f3n constituyen pilares fundamentales en la defensa de nuestra cultura.<\/p>\n<p>Felicidades a todos los Bibliotecarios espirituanos.<\/p>\n<p>&nbsp;<\/p>\n<p>&nbsp;<\/p>\n","protected":false},"excerpt":{"rendered":"<p>Se celebra hoy 7 de junio el D\u00eda del Bibliotecario en Cuba. Esta fecha fue escogida como homenaje a Antonio Bachiller Morales qui\u00e9n naciera el siete de junio de 1812. Antonio Bachiller y Morales llegar\u00eda a figurar entre los patriarcas de las letras cubanas en el siglo XIX. Acerca de Antonio Bachiller y Morales afirm\u00f3 [&hellip;]<\/p>\n","protected":false},"author":163,"featured_media":48330,"comment_status":"open","ping_status":"open","sticky":false,"template":"","format":"standard","meta":{"_acf_changed":false,"footnotes":""},"categories":[1023],"tags":[],"coauthors":[1890],"class_list":["post-48411","post","type-post","status-publish","format-standard","has-post-thumbnail","hentry","category-el-balcon-del-soto"],"acf":[],"_links":{"self":[{"href":"https:\/\/www.radiosanctispiritus.cu\/es\/wp-json\/wp\/v2\/posts\/48411","targetHints":{"allow":["GET"]}}],"collection":[{"href":"https:\/\/www.radiosanctispiritus.cu\/es\/wp-json\/wp\/v2\/posts"}],"about":[{"href":"https:\/\/www.radiosanctispiritus.cu\/es\/wp-json\/wp\/v2\/types\/post"}],"author":[{"embeddable":true,"href":"https:\/\/www.radiosanctispiritus.cu\/es\/wp-json\/wp\/v2\/users\/163"}],"replies":[{"embeddable":true,"href":"https:\/\/www.radiosanctispiritus.cu\/es\/wp-json\/wp\/v2\/comments?post=48411"}],"version-history":[{"count":0,"href":"https:\/\/www.radiosanctispiritus.cu\/es\/wp-json\/wp\/v2\/posts\/48411\/revisions"}],"wp:featuredmedia":[{"embeddable":true,"href":"https:\/\/www.radiosanctispiritus.cu\/es\/wp-json\/wp\/v2\/media\/48330"}],"wp:attachment":[{"href":"https:\/\/www.radiosanctispiritus.cu\/es\/wp-json\/wp\/v2\/media?parent=48411"}],"wp:term":[{"taxonomy":"category","embeddable":true,"href":"https:\/\/www.radiosanctispiritus.cu\/es\/wp-json\/wp\/v2\/categories?post=48411"},{"taxonomy":"post_tag","embeddable":true,"href":"https:\/\/www.radiosanctispiritus.cu\/es\/wp-json\/wp\/v2\/tags?post=48411"},{"taxonomy":"author","embeddable":true,"href":"https:\/\/www.radiosanctispiritus.cu\/es\/wp-json\/wp\/v2\/coauthors?post=48411"}],"curies":[{"name":"wp","href":"https:\/\/api.w.org\/{rel}","templated":true}]}}