{"id":48395,"date":"2025-06-06T23:08:15","date_gmt":"2025-06-07T03:08:15","guid":{"rendered":"https:\/\/www.radiosanctispiritus.cu\/es\/?p=48395"},"modified":"2025-06-06T23:08:15","modified_gmt":"2025-06-07T03:08:15","slug":"presidieron-raul-y-diaz-canel-acto-de-ascenso-en-el-minint","status":"publish","type":"post","link":"https:\/\/www.radiosanctispiritus.cu\/es\/presidieron-raul-y-diaz-canel-acto-de-ascenso-en-el-minint\/","title":{"rendered":"Presidieron Ra\u00fal y D\u00edaz-Canel acto de ascenso en el Minint"},"content":{"rendered":"<p>El General de Ej\u00e9rcito Ra\u00fal Castro Ruz, l\u00edder hist\u00f3rico de la Revoluci\u00f3n Cubana, y Miguel D\u00edaz-Canel Berm\u00fadez, Primer Secretario del Comit\u00e9 Central del Partido Comunista de Cuba y Presidente de la Rep\u00fablica, presidieron este viernes la ceremonia de ascensos militares en el Ministerio del Interior (Minint), en conmemoraci\u00f3n del aniversario 64 de esta instituci\u00f3n.<\/p>\n<p>En el acto, el ministro del Interior, L\u00e1zaro Alberto \u00c1lvarez Casas, miembro del Bur\u00f3 Pol\u00edtico, fue ascendido al grado de General de Cuerpo de Ej\u00e9rcito. La orden de ascenso, firmada por Ra\u00fal Castro y D\u00edaz-Canel, destac\u00f3 los logros del Minint bajo su direcci\u00f3n, su preparaci\u00f3n militar, fidelidad a la Revoluci\u00f3n y al legado de Fidel Castro, as\u00ed como su trayectoria ejemplar en las FAR y cualidades personales de modestia y sencillez.<\/p>\n<p>Durante la ceremonia tambi\u00e9n fueron promovidos cuatro oficiales a Primer Coronel y 15 a Coronel, inform\u00f3 el peri\u00f3dico Granma en su sitio web.<\/p>\n<p>En el acto fue le\u00edda la carta de felicitaci\u00f3n enviada por el General de Ej\u00e9rcito Ra\u00fal Castro, donde subray\u00f3: \u00abEn medio de duros combates y convencido de que venceremos les felicito, consciente de que defender y preservar las conquistas de la Revoluci\u00f3n ser\u00e1 nuestro mejor homenaje a los fundadores\u00bb.<\/p>\n<p>El Primer Coronel Hugo Morales Karell, segundo jefe de la Direcci\u00f3n General de la Polic\u00eda Nacional Revolucionaria, en nombre de todos los promovidos, ratific\u00f3 el compromiso de continuar defendiendo la seguridad del Estado y el orden interior, inspirados en el ejemplo de los h\u00e9roes y m\u00e1rtires de la Patria.<\/p>\n","protected":false},"excerpt":{"rendered":"<p>El General de Ej\u00e9rcito Ra\u00fal Castro Ruz, l\u00edder hist\u00f3rico de la Revoluci\u00f3n Cubana, y Miguel D\u00edaz-Canel Berm\u00fadez, Primer Secretario del Comit\u00e9 Central del Partido Comunista de Cuba y Presidente de la Rep\u00fablica, presidieron este viernes la ceremonia de ascensos militares en el Ministerio del Interior (Minint), en conmemoraci\u00f3n del aniversario 64 de esta instituci\u00f3n.<\/p>\n","protected":false},"author":123,"featured_media":48396,"comment_status":"open","ping_status":"open","sticky":false,"template":"","format":"standard","meta":{"_acf_changed":false,"footnotes":""},"categories":[8,3],"tags":[28,213,87],"coauthors":[1895],"class_list":["post-48395","post","type-post","status-publish","format-standard","has-post-thumbnail","hentry","category-noticia","category-cuba","tag-miguel-diaz-canel","tag-minint","tag-raul-castro"],"acf":[],"_links":{"self":[{"href":"https:\/\/www.radiosanctispiritus.cu\/es\/wp-json\/wp\/v2\/posts\/48395","targetHints":{"allow":["GET"]}}],"collection":[{"href":"https:\/\/www.radiosanctispiritus.cu\/es\/wp-json\/wp\/v2\/posts"}],"about":[{"href":"https:\/\/www.radiosanctispiritus.cu\/es\/wp-json\/wp\/v2\/types\/post"}],"author":[{"embeddable":true,"href":"https:\/\/www.radiosanctispiritus.cu\/es\/wp-json\/wp\/v2\/users\/123"}],"replies":[{"embeddable":true,"href":"https:\/\/www.radiosanctispiritus.cu\/es\/wp-json\/wp\/v2\/comments?post=48395"}],"version-history":[{"count":0,"href":"https:\/\/www.radiosanctispiritus.cu\/es\/wp-json\/wp\/v2\/posts\/48395\/revisions"}],"wp:featuredmedia":[{"embeddable":true,"href":"https:\/\/www.radiosanctispiritus.cu\/es\/wp-json\/wp\/v2\/media\/48396"}],"wp:attachment":[{"href":"https:\/\/www.radiosanctispiritus.cu\/es\/wp-json\/wp\/v2\/media?parent=48395"}],"wp:term":[{"taxonomy":"category","embeddable":true,"href":"https:\/\/www.radiosanctispiritus.cu\/es\/wp-json\/wp\/v2\/categories?post=48395"},{"taxonomy":"post_tag","embeddable":true,"href":"https:\/\/www.radiosanctispiritus.cu\/es\/wp-json\/wp\/v2\/tags?post=48395"},{"taxonomy":"author","embeddable":true,"href":"https:\/\/www.radiosanctispiritus.cu\/es\/wp-json\/wp\/v2\/coauthors?post=48395"}],"curies":[{"name":"wp","href":"https:\/\/api.w.org\/{rel}","templated":true}]}}