{"id":48122,"date":"2025-06-02T04:25:44","date_gmt":"2025-06-02T08:25:44","guid":{"rendered":"https:\/\/www.radiosanctispiritus.cu\/es\/?p=48122"},"modified":"2025-06-01T21:30:14","modified_gmt":"2025-06-02T01:30:14","slug":"santuarios-de-biodiversidad-enriquecen-a-sancti-spiritus","status":"publish","type":"post","link":"https:\/\/www.radiosanctispiritus.cu\/es\/santuarios-de-biodiversidad-enriquecen-a-sancti-spiritus\/","title":{"rendered":"Santuarios de biodiversidad enriquecen a Sancti Sp\u00edritus"},"content":{"rendered":"<p>El crecimiento y consolidaci\u00f3n del Sistema Provincial de \u00c1reas Protegidas, con un total de 13, confirma la calidad de la labor medioambiental espiritual en funci\u00f3n de la protecci\u00f3n de la biodiversidad.<\/p>\n<p>Si bien el territorio no cuenta con la m\u00e1xima categor\u00eda de manejo y protecci\u00f3n de los recursos naturales que se identifica como Reserva Natural, s\u00ed est\u00e1 presente la segunda de Parque Nacional y se aspira a que Lomas de Banao se confirme como el segundo en Sancti Spiritus, adem\u00e1s de Caguanes.<\/p>\n<p>El subdelegado de Medio Ambiente del CITMA, N\u00e9stor \u00c1lvarez Cruz, explica.<\/p>\n<p>\u201cDe cierta manera hemos trabajado en siete planes de manejo, cuatro que ya est\u00e1n entregados y tres que est\u00e1n en proceso.<\/p>\n<p>Existen de todas maneras dos nuevos lugares de la provincia que est\u00e1n en proceso de hacer sus expedientes, que eso incrementar\u00eda dos \u00e1reas m\u00e1s, a un total de 15, que pudi\u00e9ramos llegar la provincia a un total de 17.<\/p>\n<p>Aprobadas dentro del sistema tenemos 17 y tenemos dos \u00e1reas m\u00e1s definidas que todav\u00eda no tienen administraci\u00f3n.<\/p>\n<p>Este resultado de consolidaci\u00f3n del Sistema Provincial de \u00c1reas Protegidas influy\u00f3 en que Sancti Spiritus obtuviera la sede de las actividades centrales en homenaje al D\u00eda Mundial del Medio Ambiente.<\/p>\n<p><iframe src=\"https:\/\/www.ivoox.com\/player_ej_148910601_6_1.html?c1=7a0d0b\" width=\"100%\" height=\"200\" frameborder=\"0\" scrolling=\"no\" allowfullscreen=\"allowfullscreen\"><\/iframe><\/p>\n","protected":false},"excerpt":{"rendered":"<p>El crecimiento y consolidaci\u00f3n del Sistema Provincial de \u00c1reas Protegidas, confirma la calidad de la labor medioambiental espiritual en funci\u00f3n de la protecci\u00f3n de la biodiversidad.<\/p>\n","protected":false},"author":28,"featured_media":28997,"comment_status":"open","ping_status":"open","sticky":false,"template":"","format":"standard","meta":{"_acf_changed":false,"footnotes":""},"categories":[9],"tags":[],"coauthors":[1873],"class_list":["post-48122","post","type-post","status-publish","format-standard","has-post-thumbnail","hentry","category-en-audio"],"acf":[],"_links":{"self":[{"href":"https:\/\/www.radiosanctispiritus.cu\/es\/wp-json\/wp\/v2\/posts\/48122","targetHints":{"allow":["GET"]}}],"collection":[{"href":"https:\/\/www.radiosanctispiritus.cu\/es\/wp-json\/wp\/v2\/posts"}],"about":[{"href":"https:\/\/www.radiosanctispiritus.cu\/es\/wp-json\/wp\/v2\/types\/post"}],"author":[{"embeddable":true,"href":"https:\/\/www.radiosanctispiritus.cu\/es\/wp-json\/wp\/v2\/users\/28"}],"replies":[{"embeddable":true,"href":"https:\/\/www.radiosanctispiritus.cu\/es\/wp-json\/wp\/v2\/comments?post=48122"}],"version-history":[{"count":0,"href":"https:\/\/www.radiosanctispiritus.cu\/es\/wp-json\/wp\/v2\/posts\/48122\/revisions"}],"wp:featuredmedia":[{"embeddable":true,"href":"https:\/\/www.radiosanctispiritus.cu\/es\/wp-json\/wp\/v2\/media\/28997"}],"wp:attachment":[{"href":"https:\/\/www.radiosanctispiritus.cu\/es\/wp-json\/wp\/v2\/media?parent=48122"}],"wp:term":[{"taxonomy":"category","embeddable":true,"href":"https:\/\/www.radiosanctispiritus.cu\/es\/wp-json\/wp\/v2\/categories?post=48122"},{"taxonomy":"post_tag","embeddable":true,"href":"https:\/\/www.radiosanctispiritus.cu\/es\/wp-json\/wp\/v2\/tags?post=48122"},{"taxonomy":"author","embeddable":true,"href":"https:\/\/www.radiosanctispiritus.cu\/es\/wp-json\/wp\/v2\/coauthors?post=48122"}],"curies":[{"name":"wp","href":"https:\/\/api.w.org\/{rel}","templated":true}]}}