{"id":48075,"date":"2025-05-31T22:29:06","date_gmt":"2025-06-01T02:29:06","guid":{"rendered":"https:\/\/www.radiosanctispiritus.cu\/es\/?p=48075"},"modified":"2025-06-01T07:01:29","modified_gmt":"2025-06-01T11:01:29","slug":"museo-nacional-de-la-lucha-contra-bandidos-festejara-este-domingo-su-aniversario-41","status":"publish","type":"post","link":"https:\/\/www.radiosanctispiritus.cu\/es\/museo-nacional-de-la-lucha-contra-bandidos-festejara-este-domingo-su-aniversario-41\/","title":{"rendered":"Museo Nacional de la Lucha Contra Bandidos de aniversario este domingo"},"content":{"rendered":"<p>El Museo Nacional de la Lucha contra Bandidos de Trinidad de Cuba ha organizado un programa de propuestas para festejar este domingo el aniversario 41 de su fundaci\u00f3n, el 1 de junio de 1984, por el comandante de la Revoluci\u00f3n cubana Juan Almeida Bosque.<\/p>\n<p><iframe src=\"https:\/\/www.ivoox.com\/player_ej_148845792_6_1.html?c1=7a0d0b\" width=\"100%\" height=\"200\" frameborder=\"0\" allowfullscreen=\"\" scrolling=\"no\" loading=\"lazy\"><\/iframe><\/p>\n<p>Iniciar\u00e1 las actividades la inauguraci\u00f3n de la exposici\u00f3n fotogr\u00e1fica Los j\u00f3venes y la historia, con la asistencia de estudiantes del Instituto Prouniversitario Urbano Eduardo Garc\u00eda Delgado de la ciudad, quienes frecuentemente visitan el inmueble.<\/p>\n<p>Tambi\u00e9n el cumplea\u00f1os del Museo Nacional de la LCB rememorar\u00e1 un suceso que lo remarc\u00f3 en el a\u00f1o 2018, la entrega de la r\u00e9plica del machete del general\u00edsimo M\u00e1ximo G\u00f3mez Baez, de acuerdo a Yara Ar\u00f3stica Zulbar\u00e1n, la directora.<\/p>\n<p>Recordando este momento tan importante, se va a inaugurar la exposici\u00f3n \u00abUn machete en la memoria\u00bb, va a ser algo en coordinaci\u00f3n con la asociaci\u00f3n de combatientes de la Revoluci\u00f3n cubana y con algunas personalidades tambi\u00e9n de la cultura en Trinidad.<\/p>\n<p>Vale destacar que se va a hacer tambi\u00e9n una distinci\u00f3n a una personalidad en Trinidad que ha dado mucho a la ense\u00f1anza, ha dado mucho al tema de la salud que se encontraba todav\u00eda, aunque est\u00e1 de vacaciones en Trinidad, cumpliendo misi\u00f3n internacionalista y se va a hacer un reconocimiento al doctor en ciencia David Gonz\u00e1lez.<\/p>\n<p>Tambi\u00e9n dijo que la celebraci\u00f3n del aniversario 41 de la instituci\u00f3n tendr\u00e1 una parte dedicada a los ni\u00f1os, con la combinaci\u00f3n de distintos momentos de la actividad Mi Mu\u00f1eca y Yo, que por varios a\u00f1os promueve el centro en el marco de los festejos fundacionales de la villa.<\/p>\n<p>El Museo Nacional de la LCB situado en el Otrora Convento de San Francisco de As\u00eds, edificio de alto valor patrimonial, es memoria viva de la epopeya librada contra el bandidismo pagado desde Estados Unidos entre 1959 y 1965, narrada cronol\u00f3gicamente en las siete salas expositivas.<\/p>\n<p>A la vista del visitante, armamentos, uniformes, planos, maquetas, documentos, vainas, calzados y textiles de los combatientes, adem\u00e1s de una lancha pirata utilizada por la CIA para traer hombres y armas de apoyo a la contrarrevoluci\u00f3n, y un cami\u00f3n tipo GAZ-63 utilizado por las milicias nacionales y revolucionarias.<\/p>\n<p>El cumplea\u00f1os 41 del Museo Nacional de la Lucha contra Bandidos, \u00fanico con esa tem\u00e1tica en la isla, propiciar\u00e1 el reconocimiento a los trabajadores m\u00e1s destacados, a quienes se desempe\u00f1aron como directores y a los promotores del proyecto de desarrollo local PDL San Francisco, que radica en el inmueble.<\/p>\n","protected":false},"excerpt":{"rendered":"<p>El Museo Nacional de la Lucha contra Bandidos de Trinidad de Cuba ha organizado un programa de propuestas para festejar este domingo el aniversario 41 de su fundaci\u00f3n, el 1 de junio de 1984, por el comandante de la Revoluci\u00f3n cubana Juan Almeida Bosque.<\/p>\n","protected":false},"author":145,"featured_media":44661,"comment_status":"open","ping_status":"open","sticky":false,"template":"","format":"standard","meta":{"_acf_changed":false,"footnotes":""},"categories":[9,8],"tags":[1625,54],"coauthors":[1886],"class_list":["post-48075","post","type-post","status-publish","format-standard","has-post-thumbnail","hentry","category-en-audio","category-noticia","tag-museo-nacional-de-la-lucha-contra-bandidos","tag-trinidad-de-cuba"],"acf":[],"_links":{"self":[{"href":"https:\/\/www.radiosanctispiritus.cu\/es\/wp-json\/wp\/v2\/posts\/48075","targetHints":{"allow":["GET"]}}],"collection":[{"href":"https:\/\/www.radiosanctispiritus.cu\/es\/wp-json\/wp\/v2\/posts"}],"about":[{"href":"https:\/\/www.radiosanctispiritus.cu\/es\/wp-json\/wp\/v2\/types\/post"}],"author":[{"embeddable":true,"href":"https:\/\/www.radiosanctispiritus.cu\/es\/wp-json\/wp\/v2\/users\/145"}],"replies":[{"embeddable":true,"href":"https:\/\/www.radiosanctispiritus.cu\/es\/wp-json\/wp\/v2\/comments?post=48075"}],"version-history":[{"count":0,"href":"https:\/\/www.radiosanctispiritus.cu\/es\/wp-json\/wp\/v2\/posts\/48075\/revisions"}],"wp:featuredmedia":[{"embeddable":true,"href":"https:\/\/www.radiosanctispiritus.cu\/es\/wp-json\/wp\/v2\/media\/44661"}],"wp:attachment":[{"href":"https:\/\/www.radiosanctispiritus.cu\/es\/wp-json\/wp\/v2\/media?parent=48075"}],"wp:term":[{"taxonomy":"category","embeddable":true,"href":"https:\/\/www.radiosanctispiritus.cu\/es\/wp-json\/wp\/v2\/categories?post=48075"},{"taxonomy":"post_tag","embeddable":true,"href":"https:\/\/www.radiosanctispiritus.cu\/es\/wp-json\/wp\/v2\/tags?post=48075"},{"taxonomy":"author","embeddable":true,"href":"https:\/\/www.radiosanctispiritus.cu\/es\/wp-json\/wp\/v2\/coauthors?post=48075"}],"curies":[{"name":"wp","href":"https:\/\/api.w.org\/{rel}","templated":true}]}}