{"id":48033,"date":"2025-05-30T22:17:18","date_gmt":"2025-05-31T02:17:18","guid":{"rendered":"https:\/\/www.radiosanctispiritus.cu\/es\/?p=48033"},"modified":"2025-05-30T22:17:18","modified_gmt":"2025-05-31T02:17:18","slug":"ferrocarril-espirituano-mantiene-estabilidad-en-sus-servicios","status":"publish","type":"post","link":"https:\/\/www.radiosanctispiritus.cu\/es\/ferrocarril-espirituano-mantiene-estabilidad-en-sus-servicios\/","title":{"rendered":"Ferrocarril espirituano mantiene estabilidad en sus servicios"},"content":{"rendered":"<p>El ferrocarril espirituano mantiene la vitalidad de sus servicios a pesar de algunas deficiencias como la falta de piezas para las roturas de locomotoras.<\/p>\n<p>As\u00ed lo confirma Mirta Garc\u00eda Jim\u00e9nez, directora adjunta de la Uni\u00f3n de Ferrocarriles en Sancti Sp\u00edritus.<\/p>\n<p><iframe src=\"https:\/\/www.ivoox.com\/player_ej_148845517_6_1.html?c1=7a0d0b\" width=\"100%\" height=\"200\" frameborder=\"0\" allowfullscreen=\"\" scrolling=\"no\" loading=\"lazy\"><\/iframe><\/p>\n","protected":false},"excerpt":{"rendered":"<p>El ferrocarril espirituano mantiene la vitalidad de sus servicios a pesar de algunas deficiencias como la falta de piezas para las roturas de locomotoras.<\/p>\n","protected":false},"author":28,"featured_media":36075,"comment_status":"open","ping_status":"open","sticky":false,"template":"","format":"standard","meta":{"_acf_changed":false,"footnotes":""},"categories":[9,8],"tags":[],"coauthors":[1873],"class_list":["post-48033","post","type-post","status-publish","format-standard","has-post-thumbnail","hentry","category-en-audio","category-noticia"],"acf":[],"_links":{"self":[{"href":"https:\/\/www.radiosanctispiritus.cu\/es\/wp-json\/wp\/v2\/posts\/48033","targetHints":{"allow":["GET"]}}],"collection":[{"href":"https:\/\/www.radiosanctispiritus.cu\/es\/wp-json\/wp\/v2\/posts"}],"about":[{"href":"https:\/\/www.radiosanctispiritus.cu\/es\/wp-json\/wp\/v2\/types\/post"}],"author":[{"embeddable":true,"href":"https:\/\/www.radiosanctispiritus.cu\/es\/wp-json\/wp\/v2\/users\/28"}],"replies":[{"embeddable":true,"href":"https:\/\/www.radiosanctispiritus.cu\/es\/wp-json\/wp\/v2\/comments?post=48033"}],"version-history":[{"count":0,"href":"https:\/\/www.radiosanctispiritus.cu\/es\/wp-json\/wp\/v2\/posts\/48033\/revisions"}],"wp:featuredmedia":[{"embeddable":true,"href":"https:\/\/www.radiosanctispiritus.cu\/es\/wp-json\/wp\/v2\/media\/36075"}],"wp:attachment":[{"href":"https:\/\/www.radiosanctispiritus.cu\/es\/wp-json\/wp\/v2\/media?parent=48033"}],"wp:term":[{"taxonomy":"category","embeddable":true,"href":"https:\/\/www.radiosanctispiritus.cu\/es\/wp-json\/wp\/v2\/categories?post=48033"},{"taxonomy":"post_tag","embeddable":true,"href":"https:\/\/www.radiosanctispiritus.cu\/es\/wp-json\/wp\/v2\/tags?post=48033"},{"taxonomy":"author","embeddable":true,"href":"https:\/\/www.radiosanctispiritus.cu\/es\/wp-json\/wp\/v2\/coauthors?post=48033"}],"curies":[{"name":"wp","href":"https:\/\/api.w.org\/{rel}","templated":true}]}}