{"id":47750,"date":"2025-05-26T05:08:11","date_gmt":"2025-05-26T09:08:11","guid":{"rendered":"https:\/\/www.radiosanctispiritus.cu\/es\/?p=47750"},"modified":"2025-05-26T14:47:43","modified_gmt":"2025-05-26T18:47:43","slug":"ratifican-sanciones-a-acusados-por-delitos-en-hospital-psiquiatrico-de-cabaiguan","status":"publish","type":"post","link":"https:\/\/www.radiosanctispiritus.cu\/es\/ratifican-sanciones-a-acusados-por-delitos-en-hospital-psiquiatrico-de-cabaiguan\/","title":{"rendered":"Ratifican sanciones a acusados por delitos en Hospital Psiqui\u00e1trico de Cabaigu\u00e1n"},"content":{"rendered":"<p>El Tribunal Supremo Popular ratific\u00f3 la sentencia dictada por la Sala Penal Primera del Tribunal Provincial Popular (TPP) de Sancti Sp\u00edritus contra los cuatro acusados en la causa 147 del 2022 por delitos cometidos en el Hospital Psiqui\u00e1trico de Cabaigu\u00e1n.<\/p>\n<p>Todas estas personas fueron sancionadas a privaci\u00f3n de libertad como autores de delitos consumados de falsificaci\u00f3n de documentos bancarios y de comercio de car\u00e1cter continuado, tambi\u00e9n de falsificaci\u00f3n de documentos privados de car\u00e1cter continuado como medio para cometer malversaci\u00f3n, seg\u00fan detalla Yaneiky Cortijo Caballero, vicepresidenta del TPP.<\/p>\n<p>La tambi\u00e9n titular de la Sala Penal Primera del Tribunal espirituano refiri\u00f3 que los implicados fueron el antiguo director del Psiqui\u00e1trico, el subdirector administrativo, la econ\u00f3mica y un trabajador por cuenta propia, quienes de manera inadecuada autorizaron determinados pagos ilegales al TCP en un total de 14 facturas en un momento en el que la instituci\u00f3n era sometida a un proceso inversionista de mejora de sus condiciones.<\/p>\n<p>Con total apego a la legislaci\u00f3n vigente los acusados fueron sancionados a penas que oscilan entre los diez y seis a\u00f1os de privaci\u00f3n de libertad, en correspondencia con la magnitud de los delitos cometidos.<\/p>\n<p><iframe src=\"https:\/\/www.ivoox.com\/player_ej_148444111_6_1.html?c1=7a0d0b\" width=\"100%\" height=\"200\" frameborder=\"0\" scrolling=\"no\" allowfullscreen=\"allowfullscreen\"><\/iframe><\/p>\n","protected":false},"excerpt":{"rendered":"<p>El Tribunal Supremo Popular ratific\u00f3 la sentencia dictada por la Sala Penal Primera del Tribunal Provincial Popular de Sancti Sp\u00edritus contra los cuatro acusados en la causa 147 del 2022 por delitos cometidos en el Hospital Psiqui\u00e1trico de Cabaigu\u00e1n.<\/p>\n","protected":false},"author":29,"featured_media":47772,"comment_status":"open","ping_status":"open","sticky":false,"template":"","format":"standard","meta":{"_acf_changed":false,"footnotes":""},"categories":[8,9,1],"tags":[863,279,1474,805],"coauthors":[1856],"class_list":["post-47750","post","type-post","status-publish","format-standard","has-post-thumbnail","hentry","category-noticia","category-en-audio","category-sancti-spiritus","tag-delito","tag-justicia","tag-tribunal-provincial-popular","tag-tribunal-supremo"],"acf":[],"_links":{"self":[{"href":"https:\/\/www.radiosanctispiritus.cu\/es\/wp-json\/wp\/v2\/posts\/47750","targetHints":{"allow":["GET"]}}],"collection":[{"href":"https:\/\/www.radiosanctispiritus.cu\/es\/wp-json\/wp\/v2\/posts"}],"about":[{"href":"https:\/\/www.radiosanctispiritus.cu\/es\/wp-json\/wp\/v2\/types\/post"}],"author":[{"embeddable":true,"href":"https:\/\/www.radiosanctispiritus.cu\/es\/wp-json\/wp\/v2\/users\/29"}],"replies":[{"embeddable":true,"href":"https:\/\/www.radiosanctispiritus.cu\/es\/wp-json\/wp\/v2\/comments?post=47750"}],"version-history":[{"count":0,"href":"https:\/\/www.radiosanctispiritus.cu\/es\/wp-json\/wp\/v2\/posts\/47750\/revisions"}],"wp:featuredmedia":[{"embeddable":true,"href":"https:\/\/www.radiosanctispiritus.cu\/es\/wp-json\/wp\/v2\/media\/47772"}],"wp:attachment":[{"href":"https:\/\/www.radiosanctispiritus.cu\/es\/wp-json\/wp\/v2\/media?parent=47750"}],"wp:term":[{"taxonomy":"category","embeddable":true,"href":"https:\/\/www.radiosanctispiritus.cu\/es\/wp-json\/wp\/v2\/categories?post=47750"},{"taxonomy":"post_tag","embeddable":true,"href":"https:\/\/www.radiosanctispiritus.cu\/es\/wp-json\/wp\/v2\/tags?post=47750"},{"taxonomy":"author","embeddable":true,"href":"https:\/\/www.radiosanctispiritus.cu\/es\/wp-json\/wp\/v2\/coauthors?post=47750"}],"curies":[{"name":"wp","href":"https:\/\/api.w.org\/{rel}","templated":true}]}}