{"id":47742,"date":"2025-05-25T11:28:36","date_gmt":"2025-05-25T15:28:36","guid":{"rendered":"https:\/\/www.radiosanctispiritus.cu\/es\/?p=47742"},"modified":"2025-05-27T17:52:16","modified_gmt":"2025-05-27T21:52:16","slug":"meteoro-2025-domingo-de-preparacion-en-sancti-spiritus","status":"publish","type":"post","link":"https:\/\/www.radiosanctispiritus.cu\/es\/meteoro-2025-domingo-de-preparacion-en-sancti-spiritus\/","title":{"rendered":"Meteoro 2025, un ejercicio que dej\u00f3 a Sancti Sp\u00edritus mejor preparado (+ fotos)"},"content":{"rendered":"<p>Este domingo concluyeron en Sancti Sp\u00edritus las maniobras correspondientes al Ejercicio Popular Meteoro 2025, que tuvieron como objetivo fortalecer la preparaci\u00f3n y capacidad de respuesta ante desastres naturales, tecnol\u00f3gicos y sanitarios.<\/p>\n<p>Las actividades incluyeron ejercicios pr\u00e1cticos dirigidos a reducir vulnerabilidades en comunidades, centros laborales y la protecci\u00f3n de recursos econ\u00f3micos y humanos.<\/p>\n<div id=\"attachment_47747\" style=\"width: 610px\" class=\"wp-caption aligncenter\"><img decoding=\"async\" aria-describedby=\"caption-attachment-47747\" class=\"size-medium wp-image-47747\" src=\"https:\/\/www.radiosanctispiritus.cu\/es\/wp-content\/uploads\/Meteoro-CDP-rcorrido-Deivy-600x452.jpg\" alt=\"\" width=\"600\" height=\"452\" srcset=\"https:\/\/www.radiosanctispiritus.cu\/es\/wp-content\/uploads\/Meteoro-CDP-rcorrido-Deivy-600x452.jpg 600w, https:\/\/www.radiosanctispiritus.cu\/es\/wp-content\/uploads\/Meteoro-CDP-rcorrido-Deivy-1024x771.jpg 1024w, https:\/\/www.radiosanctispiritus.cu\/es\/wp-content\/uploads\/Meteoro-CDP-rcorrido-Deivy-768x578.jpg 768w, https:\/\/www.radiosanctispiritus.cu\/es\/wp-content\/uploads\/Meteoro-CDP-rcorrido-Deivy-1536x1156.jpg 1536w, https:\/\/www.radiosanctispiritus.cu\/es\/wp-content\/uploads\/Meteoro-CDP-rcorrido-Deivy-2048x1542.jpg 2048w\" sizes=\"(max-width: 600px) 100vw, 600px\" \/><p id=\"caption-attachment-47747\" class=\"wp-caption-text\">El Consejo de Defensa Provincial comprob\u00f3 la realizaci\u00f3n de diversos ejercicios.<\/p><\/div>\n<p>Se enfatiza en la limpieza de tragantes, poda de \u00e1rboles, saneamiento ambiental y lucha antivectorial, as\u00ed como en el reforzamiento de techos para enfrentar fen\u00f3menos meteorol\u00f3gicos extremos como huracanes y lluvias intensas.<\/p>\n<p>El cronograma comprende, adem\u00e1s, la poda de arboles, en \u00e1reas aleda\u00f1as a la plaza cultural y la carretera a Zaza, aseguramiento de casas de tabaco en la Cooperativa de Cr\u00e9ditos y Servicios Heriberto Orellana y la formaci\u00f3n general de unidades del Minint, bomberos, rescate y salvamento, brigadas forestales e integrantes de la Cruz Roja, para responder ante desastre.<\/p>\n<p><img decoding=\"async\" class=\"size-medium wp-image-47754 aligncenter\" src=\"https:\/\/www.radiosanctispiritus.cu\/es\/wp-content\/uploads\/Meteoro-casa-tabaco-CDP-600x450.jpg\" alt=\"\" width=\"600\" height=\"450\" srcset=\"https:\/\/www.radiosanctispiritus.cu\/es\/wp-content\/uploads\/Meteoro-casa-tabaco-CDP-600x450.jpg 600w, https:\/\/www.radiosanctispiritus.cu\/es\/wp-content\/uploads\/Meteoro-casa-tabaco-CDP-1024x768.jpg 1024w, https:\/\/www.radiosanctispiritus.cu\/es\/wp-content\/uploads\/Meteoro-casa-tabaco-CDP-768x576.jpg 768w, https:\/\/www.radiosanctispiritus.cu\/es\/wp-content\/uploads\/Meteoro-casa-tabaco-CDP.jpg 1080w\" sizes=\"(max-width: 600px) 100vw, 600px\" \/><\/p>\n<p>Estas acciones forman parte de una estrategia integral para garantizar la protecci\u00f3n ciudadana y minimizar da\u00f1os durante la pr\u00f3xima temporada cicl\u00f3nica.<\/p>\n<p><img decoding=\"async\" class=\"size-medium wp-image-47755 aligncenter\" src=\"https:\/\/www.radiosanctispiritus.cu\/es\/wp-content\/uploads\/Meteoro-bomberos-600x450.jpg\" alt=\"\" width=\"600\" height=\"450\" srcset=\"https:\/\/www.radiosanctispiritus.cu\/es\/wp-content\/uploads\/Meteoro-bomberos-600x450.jpg 600w, https:\/\/www.radiosanctispiritus.cu\/es\/wp-content\/uploads\/Meteoro-bomberos-1024x768.jpg 1024w, https:\/\/www.radiosanctispiritus.cu\/es\/wp-content\/uploads\/Meteoro-bomberos-768x576.jpg 768w, https:\/\/www.radiosanctispiritus.cu\/es\/wp-content\/uploads\/Meteoro-bomberos.jpg 1080w\" sizes=\"(max-width: 600px) 100vw, 600px\" \/><\/p>\n<p><iframe src=\"https:\/\/www.ivoox.com\/player_ej_148471614_6_1.html?c1=7a0d0b\" width=\"100%\" height=\"200\" frameborder=\"0\" scrolling=\"no\" allowfullscreen=\"allowfullscreen\"><\/iframe><\/p>\n","protected":false},"excerpt":{"rendered":"<p>Este domingo concluyeron en Sancti Sp\u00edritus las maniobras correspondientes al Ejercicio Popular Meteoro 2025, que tuvieron como objetivo fortalecer la preparaci\u00f3n y capacidad de respuesta ante desastres naturales, tecnol\u00f3gicos y sanitarios.<\/p>\n","protected":false},"author":18,"featured_media":47743,"comment_status":"open","ping_status":"open","sticky":false,"template":"","format":"standard","meta":{"_acf_changed":false,"footnotes":""},"categories":[8,9,1],"tags":[1946,95,44,1195],"coauthors":[1874],"class_list":["post-47742","post","type-post","status-publish","format-standard","has-post-thumbnail","hentry","category-noticia","category-en-audio","category-sancti-spiritus","tag-consejo-de-defensa-provincial","tag-defensa-civil","tag-deivy-perez-martin","tag-ejercicio-meteoro"],"acf":[],"_links":{"self":[{"href":"https:\/\/www.radiosanctispiritus.cu\/es\/wp-json\/wp\/v2\/posts\/47742","targetHints":{"allow":["GET"]}}],"collection":[{"href":"https:\/\/www.radiosanctispiritus.cu\/es\/wp-json\/wp\/v2\/posts"}],"about":[{"href":"https:\/\/www.radiosanctispiritus.cu\/es\/wp-json\/wp\/v2\/types\/post"}],"author":[{"embeddable":true,"href":"https:\/\/www.radiosanctispiritus.cu\/es\/wp-json\/wp\/v2\/users\/18"}],"replies":[{"embeddable":true,"href":"https:\/\/www.radiosanctispiritus.cu\/es\/wp-json\/wp\/v2\/comments?post=47742"}],"version-history":[{"count":0,"href":"https:\/\/www.radiosanctispiritus.cu\/es\/wp-json\/wp\/v2\/posts\/47742\/revisions"}],"wp:featuredmedia":[{"embeddable":true,"href":"https:\/\/www.radiosanctispiritus.cu\/es\/wp-json\/wp\/v2\/media\/47743"}],"wp:attachment":[{"href":"https:\/\/www.radiosanctispiritus.cu\/es\/wp-json\/wp\/v2\/media?parent=47742"}],"wp:term":[{"taxonomy":"category","embeddable":true,"href":"https:\/\/www.radiosanctispiritus.cu\/es\/wp-json\/wp\/v2\/categories?post=47742"},{"taxonomy":"post_tag","embeddable":true,"href":"https:\/\/www.radiosanctispiritus.cu\/es\/wp-json\/wp\/v2\/tags?post=47742"},{"taxonomy":"author","embeddable":true,"href":"https:\/\/www.radiosanctispiritus.cu\/es\/wp-json\/wp\/v2\/coauthors?post=47742"}],"curies":[{"name":"wp","href":"https:\/\/api.w.org\/{rel}","templated":true}]}}