{"id":47516,"date":"2025-05-21T04:10:12","date_gmt":"2025-05-21T08:10:12","guid":{"rendered":"https:\/\/www.radiosanctispiritus.cu\/es\/?p=47516"},"modified":"2025-05-21T08:39:33","modified_gmt":"2025-05-21T12:39:33","slug":"cuentapropistas-colocan-sobre-el-tapete-tropiezos-del-turismo-en-trinidad-de-cuba","status":"publish","type":"post","link":"https:\/\/www.radiosanctispiritus.cu\/es\/cuentapropistas-colocan-sobre-el-tapete-tropiezos-del-turismo-en-trinidad-de-cuba\/","title":{"rendered":"Cuentapropistas colocan sobre el tapete tropiezos del turismo en Trinidad de Cuba"},"content":{"rendered":"<p>El d\u00e9ficit de generaci\u00f3n el\u00e9ctrica es una estocada mortal para el ejercicio de la actividad tur\u00edstica en el destino Trinidad de Cuba: es criterio com\u00fan y reiterado por los nuevos actores econ\u00f3micos durante un intercambio de estos con directivos de la Delegaci\u00f3n Territorial del Ministerio del Turismo en Sancti Sp\u00edritus.<\/p>\n<p>Titulares de hostales , restaurantes, y mipymes consideran que adem\u00e1s de los prolongados apagones, especialmente en el centro hist\u00f3rico donde se genera la mayor\u00eda de las operaciones , la escasez de agua, los salideros y la proliferaci\u00f3n de vertederos, alimentan el notable decrecimiento de la Industria sin chimenea en uno de los enclaves m\u00e1s visitados del Caribe.<\/p>\n<p>De muy fruct\u00edfero calific\u00f3 el encuentro el Delegado del Ministro del Turismo en la provincia Yordanis Fern\u00e1ndez Alonso quien reconoci\u00f3 la claridad de las intervenciones as\u00ed como las propuestas emanadas de los propios representantes del sector no estatal que aportan a la locomotora de la econom\u00eda cubana.<\/p>\n<p>\u201cDeclarar a Trinidad de Cuba como territorio de alta significaci\u00f3n tur\u00edstica , el uso del post en sus negocios que garantiza el pago electr\u00f3nico a fin de captar las divisas frescas que necesita el pa\u00eds, revitalizar el aeropuerto de la ciudad para potenciar que los vuelos lleguen directamente a la villa desde Varadero, Cayos Largo del Sur, Cienfuegos y Villa Clara e incentivar as\u00ed el turismo multidestino\u201d.<\/p>\n<p>Destac\u00f3 que el d\u00e9ficit de generaci\u00f3n el\u00e9ctrica es la mayor problem\u00e1tica que afronta el sector cuentapropista para el ejercicio de la actividad tur\u00edstica: \u201cEl d\u00e9ficit energ\u00e9tico ha obligado al sector no estatal a buscar m\u00faltiples iniciativas para seguir prestando servicio , pero hoy seg\u00fan las intervenciones de sus representantes se impone una mirada especial al destino para revivir las operaciones tur\u00edsticas, hoy en estado cr\u00edtico, es como un paciente que va muriendo poco a poco , se trata de lograr una mirada multisectorial\u00bb.<\/p>\n<p>Preocupa a los nuevos actores econ\u00f3micos el insuficiente alumbrado p\u00fablico de la ciudad, la desaparici\u00f3n de la vida nocturna , que adem\u00e1s del divertimento posibilitaba a los visitantes for\u00e1neos codearse con la propuestas culturales aut\u00f3ctonas de la villa, as\u00ed como la imposibilidad de realizar operaciones bancarias por el poco tiempo de duraci\u00f3n del servicio el\u00e9ctrico.<\/p>\n<p>El Delegado del Ministro del Turismo en Sancti Sp\u00edritus reconoci\u00f3 que a pesar de las complejidades que afrontan los nuevos actores econ\u00f3micos para el ejercicio de la actividad tur\u00edstica ,destaca el compromiso ,la entrega y el deseo de estos , de seguir potenciado a Sancti Sp\u00edritus como destacada en el sector\u201d<\/p>\n<p>El intercambio de especialistas de la Delegaci\u00f3n Territorial del MINTUR propici\u00f3 la intervenci\u00f3n de directivos de TRANSTUR Trinidad quienes expusieron la cartera de productos a la que pueden acceder los nuevos actores econ\u00f3micos, d\u00edgase renta de autos, motos el\u00e9ctricas, bicicletas y servicio de excursiones , lo mismo que ITH, ,ahora con una nueva modalidad que garantiza las importaciones.<\/p>\n<p>Finalmente Fern\u00e1ndez Alonso ofreci\u00f3 una informaci\u00f3n detallada del comportamiento de la actividad tur\u00edstica en la isla y se\u00f1al\u00f3 los pa\u00edses emisores que en la pr\u00f3xima temporada alta tributaran al destino: M\u00e9xico, Colombia, Portugal, Brasil, China ,Per\u00fa y Panam\u00e1, figuran entre los m\u00e1s importantes.<\/p>\n","protected":false},"excerpt":{"rendered":"<p>El d\u00e9ficit de generaci\u00f3n el\u00e9ctrica es una estocada mortal para el ejercicio de la actividad tur\u00edstica en el destino Trinidad de Cuba: es criterio com\u00fan y reiterado por los nuevos actores econ\u00f3micos durante un intercambio de estos con directivos de la Delegaci\u00f3n Territorial del Ministerio del Turismo en Sancti Sp\u00edritus.<\/p>\n","protected":false},"author":145,"featured_media":7895,"comment_status":"open","ping_status":"open","sticky":false,"template":"","format":"standard","meta":{"_acf_changed":false,"footnotes":""},"categories":[1,1170],"tags":[874,40],"coauthors":[1886],"class_list":["post-47516","post","type-post","status-publish","format-standard","has-post-thumbnail","hentry","category-sancti-spiritus","category-turismo","tag-trabajo-por-cuenta-propia","tag-trinidad"],"acf":[],"_links":{"self":[{"href":"https:\/\/www.radiosanctispiritus.cu\/es\/wp-json\/wp\/v2\/posts\/47516","targetHints":{"allow":["GET"]}}],"collection":[{"href":"https:\/\/www.radiosanctispiritus.cu\/es\/wp-json\/wp\/v2\/posts"}],"about":[{"href":"https:\/\/www.radiosanctispiritus.cu\/es\/wp-json\/wp\/v2\/types\/post"}],"author":[{"embeddable":true,"href":"https:\/\/www.radiosanctispiritus.cu\/es\/wp-json\/wp\/v2\/users\/145"}],"replies":[{"embeddable":true,"href":"https:\/\/www.radiosanctispiritus.cu\/es\/wp-json\/wp\/v2\/comments?post=47516"}],"version-history":[{"count":0,"href":"https:\/\/www.radiosanctispiritus.cu\/es\/wp-json\/wp\/v2\/posts\/47516\/revisions"}],"wp:featuredmedia":[{"embeddable":true,"href":"https:\/\/www.radiosanctispiritus.cu\/es\/wp-json\/wp\/v2\/media\/7895"}],"wp:attachment":[{"href":"https:\/\/www.radiosanctispiritus.cu\/es\/wp-json\/wp\/v2\/media?parent=47516"}],"wp:term":[{"taxonomy":"category","embeddable":true,"href":"https:\/\/www.radiosanctispiritus.cu\/es\/wp-json\/wp\/v2\/categories?post=47516"},{"taxonomy":"post_tag","embeddable":true,"href":"https:\/\/www.radiosanctispiritus.cu\/es\/wp-json\/wp\/v2\/tags?post=47516"},{"taxonomy":"author","embeddable":true,"href":"https:\/\/www.radiosanctispiritus.cu\/es\/wp-json\/wp\/v2\/coauthors?post=47516"}],"curies":[{"name":"wp","href":"https:\/\/api.w.org\/{rel}","templated":true}]}}