{"id":47327,"date":"2025-05-17T05:00:08","date_gmt":"2025-05-17T09:00:08","guid":{"rendered":"https:\/\/www.radiosanctispiritus.cu\/es\/?p=47327"},"modified":"2025-05-16T22:00:46","modified_gmt":"2025-05-17T02:00:46","slug":"por-que-se-celebra-el-17-de-mayo-el-dia-del-campesino-en-cuba","status":"publish","type":"post","link":"https:\/\/www.radiosanctispiritus.cu\/es\/por-que-se-celebra-el-17-de-mayo-el-dia-del-campesino-en-cuba\/","title":{"rendered":"\u00bfPor qu\u00e9 se celebra el 17 de Mayo el D\u00eda del Campesino en Cuba?"},"content":{"rendered":"<p>Cada 17 de mayo Cuba celebra el D\u00eda del Campesino, una fecha de profunda carga simb\u00f3lica y pol\u00edtica que rinde tributo a los hombres y mujeres del campo, justo cuando se conmemoran dos hechos decisivos en la lucha agraria y el rumbo socioecon\u00f3mico de la Revoluci\u00f3n: el asesinato del l\u00edder campesino Niceto P\u00e9rez en 1946 y la promulgaci\u00f3n de la Primera Ley de Reforma Agraria en 1959.<\/p>\n<p>El 17 de mayo de 1946, en Guant\u00e1namo, fue ultimado Niceto P\u00e9rez Garc\u00eda, un campesino que, como muchos otros guajiros de la \u00e9poca, viv\u00eda en condiciones de extrema precariedad. Su crimen fue ocupar una parcela estatal abandonada para cultivarla y alimentar a su familia. Por este acto de dignidad, fue amenazado por terratenientes y finalmente asesinado por sicarios contratados por los latifundistas.<\/p>\n<p>Este hecho, que en su momento gener\u00f3 la indignaci\u00f3n de los sectores progresistas, fue rescatado por la Revoluci\u00f3n como ejemplo de la opresi\u00f3n que sufr\u00edan los campesinos antes de 1959. <\/p>\n<p>Niceto P\u00e9rez pas\u00f3 a representar al campesino pobre, marginado y explotado por los grandes propietarios de tierra.<br \/>\nTrece a\u00f1os despu\u00e9s, el 17 de mayo de 1959, en lo alto de la Sierra Maestra, el Comandante en Jefe Fidel Castro firm\u00f3 la Primera Ley de Reforma Agraria, legislaci\u00f3n que cumpl\u00eda una de las promesas del Programa del Moncada y marc\u00f3 un hito en la historia de Cuba: se expropiaron latifundios de m\u00e1s de 402 hect\u00e1reas, se prohibi\u00f3 el trabajo asalariado agr\u00edcola en fincas privadas y se redistribuy\u00f3 la tierra entre quienes la trabajaban.<\/p>\n<p>Cerca de 100 000 familias se beneficiaron directamente, se elimin\u00f3 el latifundismo, se crearon granjas del pueblo y cooperativas y se impuls\u00f3 la mecanizaci\u00f3n agr\u00edcola. Aunque la ley provoc\u00f3 la reacci\u00f3n de sectores econ\u00f3micos poderosos \u2014entre ellos, empresas estadounidenses con intereses en tierras cubanas\u2014, consolid\u00f3 el apoyo campesino al nuevo gobierno.<\/p>\n<p>El 17 de mayo, por tanto, re\u00fane en una sola fecha la memoria de un m\u00e1rtir y la concreci\u00f3n de una de las reformas sociales m\u00e1s profundas del siglo XX en Cuba. Es por ello que en 1961, en el contexto de la Campa\u00f1a de Alfabetizaci\u00f3n, el gobierno declar\u00f3 oficialmente el 17 de mayo como D\u00eda del Campesino Cubano.<\/p>\n<p>Desde entonces, la fecha se celebra con actos p\u00fablicos, homenajes, exposiciones agr\u00edcolas y encuentros organizados por la Asociaci\u00f3n Nacional de Agricultores Peque\u00f1os (ANAP), fundada tambi\u00e9n en 1961 para representar los intereses del campesinado revolucionario. <\/p>\n<p>Si bien la Reforma Agraria de 1959 fue una conquista indiscutible, los desaf\u00edos del campo cubano persisten. La baja productividad, la escasez de insumos, el envejecimiento de la poblaci\u00f3n rural y las limitaciones para acceder a mercados libres y tecnolog\u00eda moderna afectan al sector.<\/p>\n<p>En los \u00faltimos a\u00f1os, el gobierno ha impulsado nuevas reformas para estimular la producci\u00f3n agropecuaria, descentralizar la gesti\u00f3n y dar m\u00e1s autonom\u00eda a cooperativas y productores individuales. <\/p>\n<p>M\u00e1s all\u00e1 de los rasgos perfectibles, el D\u00eda del Campesino mantiene su vitalidad, pues la jornada evoca no solo las conquistas logradas, sino tambi\u00e9n la deuda hist\u00f3rica pendiente con quienes, desde la tierra, construyen d\u00eda a d\u00eda el pa\u00eds. <\/p>\n<p>Fuentes: Peri\u00f3dico Escambray, Peri\u00f3dico Venceremos, Ecured<\/p>\n","protected":false},"excerpt":{"rendered":"<p>Cada 17 de mayo Cuba celebra el D\u00eda del Campesino, una fecha de profunda carga simb\u00f3lica y pol\u00edtica que rinde tributo a los hombres y mujeres del campo, justo cuando se conmemoran dos hechos decisivos en la lucha agraria y el rumbo socioecon\u00f3mico de la Revoluci\u00f3n: el asesinato del l\u00edder campesino Niceto P\u00e9rez en 1946 y la promulgaci\u00f3n de la Primera Ley de Reforma Agraria en 1959.<\/p>\n","protected":false},"author":4,"featured_media":47328,"comment_status":"open","ping_status":"open","sticky":false,"template":"","format":"standard","meta":{"_acf_changed":false,"footnotes":""},"categories":[8,1],"tags":[],"coauthors":[1883],"class_list":["post-47327","post","type-post","status-publish","format-standard","has-post-thumbnail","hentry","category-noticia","category-sancti-spiritus"],"acf":[],"_links":{"self":[{"href":"https:\/\/www.radiosanctispiritus.cu\/es\/wp-json\/wp\/v2\/posts\/47327","targetHints":{"allow":["GET"]}}],"collection":[{"href":"https:\/\/www.radiosanctispiritus.cu\/es\/wp-json\/wp\/v2\/posts"}],"about":[{"href":"https:\/\/www.radiosanctispiritus.cu\/es\/wp-json\/wp\/v2\/types\/post"}],"author":[{"embeddable":true,"href":"https:\/\/www.radiosanctispiritus.cu\/es\/wp-json\/wp\/v2\/users\/4"}],"replies":[{"embeddable":true,"href":"https:\/\/www.radiosanctispiritus.cu\/es\/wp-json\/wp\/v2\/comments?post=47327"}],"version-history":[{"count":0,"href":"https:\/\/www.radiosanctispiritus.cu\/es\/wp-json\/wp\/v2\/posts\/47327\/revisions"}],"wp:featuredmedia":[{"embeddable":true,"href":"https:\/\/www.radiosanctispiritus.cu\/es\/wp-json\/wp\/v2\/media\/47328"}],"wp:attachment":[{"href":"https:\/\/www.radiosanctispiritus.cu\/es\/wp-json\/wp\/v2\/media?parent=47327"}],"wp:term":[{"taxonomy":"category","embeddable":true,"href":"https:\/\/www.radiosanctispiritus.cu\/es\/wp-json\/wp\/v2\/categories?post=47327"},{"taxonomy":"post_tag","embeddable":true,"href":"https:\/\/www.radiosanctispiritus.cu\/es\/wp-json\/wp\/v2\/tags?post=47327"},{"taxonomy":"author","embeddable":true,"href":"https:\/\/www.radiosanctispiritus.cu\/es\/wp-json\/wp\/v2\/coauthors?post=47327"}],"curies":[{"name":"wp","href":"https:\/\/api.w.org\/{rel}","templated":true}]}}