{"id":47284,"date":"2025-05-15T13:00:54","date_gmt":"2025-05-15T17:00:54","guid":{"rendered":"https:\/\/www.radiosanctispiritus.cu\/es\/?p=47284"},"modified":"2025-05-16T06:38:03","modified_gmt":"2025-05-16T10:38:03","slug":"persiste-inestabilidad-en-la-produccion-de-pan-de-la-canasta-basica","status":"publish","type":"post","link":"https:\/\/www.radiosanctispiritus.cu\/es\/persiste-inestabilidad-en-la-produccion-de-pan-de-la-canasta-basica\/","title":{"rendered":"Persiste inestabilidad en la producci\u00f3n de pan de la canasta b\u00e1sica"},"content":{"rendered":"<p>La producci\u00f3n de pan de la canasta b\u00e1sica en la provincia de Sancti Sp\u00edritus enfrenta una situaci\u00f3n compleja debido a la inestabilidad en el suministro de harina de trigo al pa\u00eds y al territorio, lo que afecta la elaboraci\u00f3n de este producto esencial.<\/p>\n<p>Rafael Rodr\u00edguez S\u00e1nchez, director de la Unidad Empresarial de Base de la Industria Alimentaria en Sancti Sp\u00edritus, confirm\u00f3 esta situaci\u00f3n en declaraciones a la emisora.<\/p>\n<p>\u00abActualmente, la provincia no dispone de harina suficiente para garantizar la producci\u00f3n de pan destinado a la canasta b\u00e1sica. Sin embargo, hasta la fecha, se ha logrado mantener el consumo social, especialmente en el municipio cabecera, priorizando hospitales, centros pedi\u00e1tricos, escuelas y c\u00edrculos infantiles, dentro de las posibilidades del territorio.\u00bb<\/p>\n<p><iframe src=\"https:\/\/www.ivoox.com\/player_ej_146779224_6_1.html?c1=7a0d0b\" width=\"100%\" height=\"200\" frameborder=\"0\" allowfullscreen=\"\" scrolling=\"no\" loading=\"lazy\"><\/iframe><\/p>\n<p>Rodr\u00edguez S\u00e1nchez tambi\u00e9n explic\u00f3 que, aunque las afectaciones en el suministro el\u00e9ctrico son frecuentes, se han implementado ajustes en los circuitos priorizados que cuentan con panader\u00edas. Siempre que hay disponibilidad de harina, se garantiza la producci\u00f3n de pan para la canasta b\u00e1sica.<\/p>\n","protected":false},"excerpt":{"rendered":"<p>La producci\u00f3n de pan de la canasta b\u00e1sica en la provincia de Sancti Sp\u00edritus enfrenta una situaci\u00f3n compleja debido a la inestabilidad en el suministro de harina de trigo al pa\u00eds y al territorio, lo que afecta la elaboraci\u00f3n de este producto esencial.<\/p>\n","protected":false},"author":19,"featured_media":46836,"comment_status":"open","ping_status":"open","sticky":false,"template":"","format":"standard","meta":{"_acf_changed":false,"footnotes":""},"categories":[1,9,8],"tags":[],"coauthors":[1859],"class_list":["post-47284","post","type-post","status-publish","format-standard","has-post-thumbnail","hentry","category-sancti-spiritus","category-en-audio","category-noticia"],"acf":[],"_links":{"self":[{"href":"https:\/\/www.radiosanctispiritus.cu\/es\/wp-json\/wp\/v2\/posts\/47284","targetHints":{"allow":["GET"]}}],"collection":[{"href":"https:\/\/www.radiosanctispiritus.cu\/es\/wp-json\/wp\/v2\/posts"}],"about":[{"href":"https:\/\/www.radiosanctispiritus.cu\/es\/wp-json\/wp\/v2\/types\/post"}],"author":[{"embeddable":true,"href":"https:\/\/www.radiosanctispiritus.cu\/es\/wp-json\/wp\/v2\/users\/19"}],"replies":[{"embeddable":true,"href":"https:\/\/www.radiosanctispiritus.cu\/es\/wp-json\/wp\/v2\/comments?post=47284"}],"version-history":[{"count":0,"href":"https:\/\/www.radiosanctispiritus.cu\/es\/wp-json\/wp\/v2\/posts\/47284\/revisions"}],"wp:featuredmedia":[{"embeddable":true,"href":"https:\/\/www.radiosanctispiritus.cu\/es\/wp-json\/wp\/v2\/media\/46836"}],"wp:attachment":[{"href":"https:\/\/www.radiosanctispiritus.cu\/es\/wp-json\/wp\/v2\/media?parent=47284"}],"wp:term":[{"taxonomy":"category","embeddable":true,"href":"https:\/\/www.radiosanctispiritus.cu\/es\/wp-json\/wp\/v2\/categories?post=47284"},{"taxonomy":"post_tag","embeddable":true,"href":"https:\/\/www.radiosanctispiritus.cu\/es\/wp-json\/wp\/v2\/tags?post=47284"},{"taxonomy":"author","embeddable":true,"href":"https:\/\/www.radiosanctispiritus.cu\/es\/wp-json\/wp\/v2\/coauthors?post=47284"}],"curies":[{"name":"wp","href":"https:\/\/api.w.org\/{rel}","templated":true}]}}