{"id":47013,"date":"2025-05-18T05:02:20","date_gmt":"2025-05-18T09:02:20","guid":{"rendered":"https:\/\/www.radiosanctispiritus.cu\/es\/?p=47013"},"modified":"2025-05-17T23:23:32","modified_gmt":"2025-05-18T03:23:32","slug":"museos-a-cielo-abierto","status":"publish","type":"post","link":"https:\/\/www.radiosanctispiritus.cu\/es\/museos-a-cielo-abierto\/","title":{"rendered":"Museos a cielo abierto"},"content":{"rendered":"<p>El <a href=\"http:\/\/www.ecured.cu\/index.php\/18_de_mayo\" target=\"_blank\" rel=\"noopener noreferrer nofollow\">18<\/a> de m<a href=\"http:\/\/www.ecured.cu\/index.php\/18_de_mayo\" target=\"_blank\" rel=\"noopener noreferrer nofollow\">ayo<\/a> de 1977, durante la Asamblea General del Consejo Internacional de Museos (ICOM), celebrada en Leningrado, la delegaci\u00f3n de la antigua Uni\u00f3n Sovi\u00e9tica propuso tomar esa fecha como D\u00eda Internacional del Museo, coincidiendo con el aniversario de la creaci\u00f3n del ICOM (18 de mayo de 1947).<\/p>\n<p>Los museos en Cuba son instituciones al servicio de la sociedad y de su desarrollo, abiertas al p\u00fablico, que adquieren, conservan, investigan, difunden y exponen los testimonios materiales del hombre y su entorno para la educaci\u00f3n y el deleite del p\u00fablico que lo visita. Albergan colecciones de objetos de inter\u00e9s art\u00edstico, hist\u00f3rico o cient\u00edfico, conservados y exhibidos para la ense\u00f1anza y entretenimiento del p\u00fablico.<\/p>\n<p>Seg\u00fan el Derecho Romano: \u201cPatrimonio es bien heredado, que se transmite de padres a hijos\u201d<\/p>\n<p>El concepto de Patrimonio de la Humanidad fue reconocido por la UNESCO oficialmente en 1972.<\/p>\n<p>Una Convenci\u00f3n Internacional fija el marco administrativo y financiero para la protecci\u00f3n de ese patrimonio cultural y natural que incluye \u201clos monumentos, conjuntos y parajes que posean valor universal excepcional desde el punto de vista de la historia, el arte o la ciencia\u201d.<\/p>\n<p>Tambi\u00e9n se incluyen en esta categor\u00eda patrimonial: \u201cLos monumentos naturales, formaciones geol\u00f3gicas y parajes naturales que poseen un valor excepcional desde un punto de vista est\u00e9tico y cient\u00edfico\u201d.<\/p>\n<p>Las primeras listas del Patrimonio de la Humanidad se establecieron en 1979 y se completan sin cesar peri\u00f3dicamente. Cerca de 500 bienes son protegidos y el 80 % de estos son culturales.<\/p>\n<p>Cuba, que se ha destacado por la protecci\u00f3n de los Bienes Patrimoniales, tiene reconocidos como Patrimonio de la Humanidad los siguientes sitios:<\/p>\n<ul>\n<li>El Centro Hist\u00f3rico de La Habana Vieja.<\/li>\n<li>El Castillo de San Pedro de la Roca en Santiago de Cuba.<\/li>\n<li>El Conjunto de ruinas de Cafetales Franceses en el Sudeste Oriental.<\/li>\n<li>El Valle de Vi\u00f1ales.<\/li>\n<li>El Parque Desembarco del Granma.<\/li>\n<li>El Parque Nacional Alejandro de Humbolt.<\/li>\n<li>La Tumba Francesa de Guant\u00e1namo.<\/li>\n<li>La Ciudad de Trinidad y su Valle de los Ingenios.<\/li>\n<li>El Centro Hist\u00f3rico de la Ciudad de Camag\u00fcey.<\/li>\n<\/ul>\n<p>Estos Sitios Patrimonio de la Humanidad, adem\u00e1s de la relevancia que les confiere tal nominaci\u00f3n, necesitan de medidas excepcionales de conservaci\u00f3n pues reciben oleadas de turistas y tal afluencia, sin control, podr\u00eda causar da\u00f1os irreparables.<\/p>\n<p>En el caso de Trinidad y su Valle de los Ingenios, adem\u00e1s de la rica arquitectura que atesoran, tambi\u00e9n conservan un caudal de cultura popular que incluye el folclor negro, la trova, la artesan\u00eda y las fiestas populares, entre otras expresiones de aut\u00e9ntica cuban\u00eda.<\/p>\n<p>Trinitarios y espirituanos son fieles veladores de su patrimonio, lo resguardan con amor y lo exhiben con orgullo.<\/p>\n<p>Adem\u00e1s de las leyes establecidas que abogan por la protecci\u00f3n de ese entorno, sin esa vocaci\u00f3n conservadora no ser\u00eda posible que al paso de m\u00e1s de cinco Siglos, ambas villas \u2013Trinidad y Sancti Spiritus- pudiesen mostrar al mundo sus encantos.<\/p>\n<p>Corresponde a las nuevas generaciones continuar promoviendo esta herencia cultural que nos legaron nuestros antepasados. En alg\u00fan sitio privilegiado de la memoria cada persona guarda estos s\u00edmbolos, que es como llevar a todas partes un pedacito de su terru\u00f1o.<\/p>\n<p>&nbsp;<\/p>\n<p>&nbsp;<\/p>\n<p>&nbsp;<\/p>\n","protected":false},"excerpt":{"rendered":"<p>Trinitarios y espirituanos son fieles veladores de su patrimonio, lo resguardan con amor y lo exhiben con orgullo.<\/p>\n","protected":false},"author":163,"featured_media":47015,"comment_status":"open","ping_status":"open","sticky":false,"template":"","format":"standard","meta":{"_acf_changed":false,"footnotes":""},"categories":[1023],"tags":[1594,32],"coauthors":[1890],"class_list":["post-47013","post","type-post","status-publish","format-standard","has-post-thumbnail","hentry","category-el-balcon-del-soto","tag-museo","tag-patrimonio"],"acf":[],"_links":{"self":[{"href":"https:\/\/www.radiosanctispiritus.cu\/es\/wp-json\/wp\/v2\/posts\/47013","targetHints":{"allow":["GET"]}}],"collection":[{"href":"https:\/\/www.radiosanctispiritus.cu\/es\/wp-json\/wp\/v2\/posts"}],"about":[{"href":"https:\/\/www.radiosanctispiritus.cu\/es\/wp-json\/wp\/v2\/types\/post"}],"author":[{"embeddable":true,"href":"https:\/\/www.radiosanctispiritus.cu\/es\/wp-json\/wp\/v2\/users\/163"}],"replies":[{"embeddable":true,"href":"https:\/\/www.radiosanctispiritus.cu\/es\/wp-json\/wp\/v2\/comments?post=47013"}],"version-history":[{"count":0,"href":"https:\/\/www.radiosanctispiritus.cu\/es\/wp-json\/wp\/v2\/posts\/47013\/revisions"}],"wp:featuredmedia":[{"embeddable":true,"href":"https:\/\/www.radiosanctispiritus.cu\/es\/wp-json\/wp\/v2\/media\/47015"}],"wp:attachment":[{"href":"https:\/\/www.radiosanctispiritus.cu\/es\/wp-json\/wp\/v2\/media?parent=47013"}],"wp:term":[{"taxonomy":"category","embeddable":true,"href":"https:\/\/www.radiosanctispiritus.cu\/es\/wp-json\/wp\/v2\/categories?post=47013"},{"taxonomy":"post_tag","embeddable":true,"href":"https:\/\/www.radiosanctispiritus.cu\/es\/wp-json\/wp\/v2\/tags?post=47013"},{"taxonomy":"author","embeddable":true,"href":"https:\/\/www.radiosanctispiritus.cu\/es\/wp-json\/wp\/v2\/coauthors?post=47013"}],"curies":[{"name":"wp","href":"https:\/\/api.w.org\/{rel}","templated":true}]}}