{"id":47012,"date":"2025-05-15T04:20:16","date_gmt":"2025-05-15T08:20:16","guid":{"rendered":"https:\/\/www.radiosanctispiritus.cu\/es\/?p=47012"},"modified":"2025-05-15T22:26:38","modified_gmt":"2025-05-16T02:26:38","slug":"la-muerte-aniquila-los-suenos","status":"publish","type":"post","link":"https:\/\/www.radiosanctispiritus.cu\/es\/la-muerte-aniquila-los-suenos\/","title":{"rendered":"La muerte aniquila los sue\u00f1os"},"content":{"rendered":"<p>(A 15 a\u00f1os de la muerte de Hugo Hern\u00e1ndez)<\/p>\n<p>El 15 de mayo del 2010, con la muerte de Hugo Hern\u00e1ndez, qued\u00f3 inconcluso un sue\u00f1o que ambos ten\u00edamos: Yo iba a escribir, para que \u00e9l lo escenificara, un mon\u00f3logo para el personaje Charlie Chaplin.<\/p>\n<p>Hab\u00eda visto hace a\u00f1os a Hugo interpretando ese papel y me impresion\u00f3 su peculiar manera de captar la expresi\u00f3n, los gestos y la ternura de Charlot. Muchas veces hablamos del tema sin saber que la muerte, emboscada en un sitio rec\u00f3ndito y cierto, lo esperaba.<\/p>\n<p>Confieso que cuando supe la noticia, me negu\u00e9 a creerla, y todav\u00eda hoy, no he incorporado la certeza de que nunca m\u00e1s lo ver\u00e9 caminar por Sancti Spiritus, riendo y engolando la voz, histri\u00f3nico, para lanzar un chiste al aire.<\/p>\n<p>Yo perd\u00ed un sue\u00f1o y la villa a su mejor juglar.<\/p>\n<p>Hugo Hern\u00e1ndez era un tipo buena gente, profesional como pocos y gran parte de su vida la dedic\u00f3 a trabajar para los ni\u00f1os: Ellos lo quer\u00edan con esa mirada inquisidora que tienen para descubrir el alma de los hombres que no han extraviado su infancia.<\/p>\n<p>Desde su Cabaigu\u00e1n nos lleg\u00f3 un d\u00eda, como titiritero, como actor, como clown, como presentador, como artista radial y ni las luces, ni el maquillaje le borraron del rostro la desnudez del guajiro sin resquicios, inepto para el rencor o el arribismo.<\/p>\n<p>El Grupo de Teatro Gui\u00f1ol Eur\u00edpides La Matta, los Proyectos H y Ba\u00fal M\u00e1gico vieron transitar y crecerse como artista a Hugo Hern\u00e1ndez hasta que un buen d\u00eda encarn\u00f3 un personaje hecho a su medida: El payaso Tiril\u00edn Tiril\u00f3n.<\/p>\n<p>Tiril\u00edn Tiril\u00f3n lleg\u00f3 con la madurez del artista y paulatinamente se fue enriqueciendo en el ajetreo cotidiano y en la perspicacia del actor para convertir en maravilla los colores, la ingenuidad y la ternura de los ni\u00f1os.<\/p>\n<p>Hugo Tiril\u00edn Tiril\u00f3n era un payaso diferente: Con un vozarr\u00f3n que lo hac\u00eda humano era capaz de comunicarse desde la estatura de los m\u00e1s peque\u00f1os, sin concesiones, recriminarlos como un padre o hacerles reir hasta el llanto con la franqueza de quien dice la verdad y puso su vida a disposici\u00f3n de la esperanza el mundo.<\/p>\n<p>Los ni\u00f1os extra\u00f1an a Hugo Tiril\u00edn Tiril\u00f3n, puede que en su m\u00e1gico mundo piensen que viaj\u00f3 a una lejana galaxia en una aventura para rescatar princesas de la que regresar\u00e1 vencedor alg\u00fan d\u00eda.<\/p>\n<p>Hugo Hern\u00e1ndez forma parte de la historia de la cultura espirituana: su muerte prematura, nos priv\u00f3 de un excelente artista y de un hombre a carta cabal: Nos dej\u00f3 al partir una profunda huella en el coraz\u00f3n de todos los espirituanos.<\/p>\n","protected":false},"excerpt":{"rendered":"<p>(A 15 a\u00f1os de la muerte de Hugo Hern\u00e1ndez) El 15 de mayo del 2010, con la muerte de Hugo Hern\u00e1ndez, qued\u00f3 inconcluso un sue\u00f1o que ambos ten\u00edamos: Yo iba a escribir, para que \u00e9l lo escenificara, un mon\u00f3logo para el personaje Charlie Chaplin. Hab\u00eda visto hace a\u00f1os a Hugo interpretando ese papel y me [&hellip;]<\/p>\n","protected":false},"author":163,"featured_media":47053,"comment_status":"open","ping_status":"open","sticky":false,"template":"","format":"standard","meta":{"_acf_changed":false,"footnotes":""},"categories":[6,1023],"tags":[],"coauthors":[1890],"class_list":["post-47012","post","type-post","status-publish","format-standard","has-post-thumbnail","hentry","category-cultura","category-el-balcon-del-soto"],"acf":[],"_links":{"self":[{"href":"https:\/\/www.radiosanctispiritus.cu\/es\/wp-json\/wp\/v2\/posts\/47012","targetHints":{"allow":["GET"]}}],"collection":[{"href":"https:\/\/www.radiosanctispiritus.cu\/es\/wp-json\/wp\/v2\/posts"}],"about":[{"href":"https:\/\/www.radiosanctispiritus.cu\/es\/wp-json\/wp\/v2\/types\/post"}],"author":[{"embeddable":true,"href":"https:\/\/www.radiosanctispiritus.cu\/es\/wp-json\/wp\/v2\/users\/163"}],"replies":[{"embeddable":true,"href":"https:\/\/www.radiosanctispiritus.cu\/es\/wp-json\/wp\/v2\/comments?post=47012"}],"version-history":[{"count":0,"href":"https:\/\/www.radiosanctispiritus.cu\/es\/wp-json\/wp\/v2\/posts\/47012\/revisions"}],"wp:featuredmedia":[{"embeddable":true,"href":"https:\/\/www.radiosanctispiritus.cu\/es\/wp-json\/wp\/v2\/media\/47053"}],"wp:attachment":[{"href":"https:\/\/www.radiosanctispiritus.cu\/es\/wp-json\/wp\/v2\/media?parent=47012"}],"wp:term":[{"taxonomy":"category","embeddable":true,"href":"https:\/\/www.radiosanctispiritus.cu\/es\/wp-json\/wp\/v2\/categories?post=47012"},{"taxonomy":"post_tag","embeddable":true,"href":"https:\/\/www.radiosanctispiritus.cu\/es\/wp-json\/wp\/v2\/tags?post=47012"},{"taxonomy":"author","embeddable":true,"href":"https:\/\/www.radiosanctispiritus.cu\/es\/wp-json\/wp\/v2\/coauthors?post=47012"}],"curies":[{"name":"wp","href":"https:\/\/api.w.org\/{rel}","templated":true}]}}