{"id":46862,"date":"2025-05-08T14:44:40","date_gmt":"2025-05-08T18:44:40","guid":{"rendered":"https:\/\/www.radiosanctispiritus.cu\/es\/?p=46862"},"modified":"2025-05-08T14:44:40","modified_gmt":"2025-05-08T18:44:40","slug":"madres-por-naturaleza-y-por-vocacion-cobijadas-en-una-casita-infantil","status":"publish","type":"post","link":"https:\/\/www.radiosanctispiritus.cu\/es\/madres-por-naturaleza-y-por-vocacion-cobijadas-en-una-casita-infantil\/","title":{"rendered":"Madres por naturaleza y por vocaci\u00f3n cobijadas en una casita infantil"},"content":{"rendered":"<p>Tres mujeres, madres por naturaleza y por vocaci\u00f3n, se re\u00fanen hoy en las labores de educar a los ni\u00f1os de la casita infantil Los Vaqueritos de mi Reina, ubicada en la empresa l\u00e1ctea Rios Zaza, en la ciudad espirituana.<\/p>\n<p>Abuela, madre e hija trabajan juntas desde hace poco menos de un a\u00f1o, brindando conocimientos y amor a sus peque\u00f1os educandos.<\/p>\n<p>Edenia Cu\u00e9llar D\u00edaz, la m\u00e1s experimentada de las tres, nos cuenta sobre su v\u00ednculo maternal con los ni\u00f1os:<\/p>\n<p>\u00abNi\u00f1os que yo cuid\u00e9, cuando menos lo esperaba, regresaban y me dec\u00edan: \u2018\u00a1Ay, pero si todav\u00eda la t\u00eda Edenia est\u00e1 aqu\u00ed!\u2019. Incluso, he cuidado a los hijos y hasta los nietos de los primeros peque\u00f1os que atend\u00ed.\u00bb<\/p>\n<p>Sobre su relaci\u00f3n con su hija y nieta, Edenia expresa con orgullo:<\/p>\n<p>\u00abMe siento feliz de que mi hija haya seguido mis pasos.\u00bb<\/p>\n<p>Elizabeth Mar\u00edn Cu\u00e9llar, coordinadora de la casita infantil de la empresa l\u00e1ctea e hija de Edenia, tambi\u00e9n comparte su sentir:<\/p>\n<p>\u00abSigo los pasos de mi mam\u00e1 con mucho orgullo. Ella es educadora fundadora del C\u00edrculo Infantil Lindos Capullitos, y me siento profundamente agradecida porque me ense\u00f1\u00f3 a amar a los ni\u00f1os.\u00bb<\/p>\n<p>Para Elizabeth, su mayor satisfacci\u00f3n est\u00e1 en las voces que, desde cualquier rinc\u00f3n de la ciudad, la llaman t\u00eda, reflejando el cari\u00f1o que inspira en los peque\u00f1os.<\/p>\n<p>Por su parte, Elizdenia D\u00edaz Mar\u00edn, hija de Elizabeth y nieta de Edenia, ha heredado la vocaci\u00f3n educadora de su familia. Trabajar en equipo, afirma, es una experiencia enriquecedora:<\/p>\n<p>\u00abAqu\u00ed somos un colectivo, compa\u00f1eras de trabajo, y aunque seamos madre, hija y nieta, el cari\u00f1o sigue siendo el mismo. Adem\u00e1s, contamos con el apoyo y el calor familiar, lo que hace esta labor a\u00fan m\u00e1s especial.\u00bb<\/p>\n<p>A pocas jornadas de celebrarse el *D\u00eda de las Madres, este testimonio resalta la dedicaci\u00f3n de estas mujeres que, desde sus responsabilidades diarias, hacen palpable el amor familiar en la casita infantil de la empresa l\u00e1ctea espirituana.<\/p>\n<p>Con este trabajo, adem\u00e1s, se reconoce el esfuerzo de quienes, muchas veces desde el anonimato, permiten que cientos de madres trabajadoras desempe\u00f1en sus funciones con la tranquilidad de saber que sus hijos est\u00e1n bien cuidados.<\/p>\n<p><iframe src=\"https:\/\/www.ivoox.com\/player_ej_146326972_6_1.html?c1=7a0d0b\" width=\"100%\" height=\"200\" frameborder=\"0\" scrolling=\"no\" allowfullscreen=\"allowfullscreen\"><\/iframe><\/p>\n","protected":false},"excerpt":{"rendered":"<p>Tres mujeres, madres por naturaleza y por vocaci\u00f3n, se re\u00fanen hoy en las labores de educar a los ni\u00f1os de la casita infantil Los Vaqueritos de mi Reina, ubicada en la empresa l\u00e1ctea Rios Zaza, en la ciudad espirituana.<\/p>\n","protected":false},"author":19,"featured_media":46871,"comment_status":"open","ping_status":"open","sticky":false,"template":"","format":"standard","meta":{"_acf_changed":false,"footnotes":""},"categories":[8,9,1],"tags":[],"coauthors":[],"class_list":["post-46862","post","type-post","status-publish","format-standard","has-post-thumbnail","hentry","category-noticia","category-en-audio","category-sancti-spiritus"],"acf":[],"_links":{"self":[{"href":"https:\/\/www.radiosanctispiritus.cu\/es\/wp-json\/wp\/v2\/posts\/46862","targetHints":{"allow":["GET"]}}],"collection":[{"href":"https:\/\/www.radiosanctispiritus.cu\/es\/wp-json\/wp\/v2\/posts"}],"about":[{"href":"https:\/\/www.radiosanctispiritus.cu\/es\/wp-json\/wp\/v2\/types\/post"}],"author":[{"embeddable":true,"href":"https:\/\/www.radiosanctispiritus.cu\/es\/wp-json\/wp\/v2\/users\/19"}],"replies":[{"embeddable":true,"href":"https:\/\/www.radiosanctispiritus.cu\/es\/wp-json\/wp\/v2\/comments?post=46862"}],"version-history":[{"count":0,"href":"https:\/\/www.radiosanctispiritus.cu\/es\/wp-json\/wp\/v2\/posts\/46862\/revisions"}],"wp:featuredmedia":[{"embeddable":true,"href":"https:\/\/www.radiosanctispiritus.cu\/es\/wp-json\/wp\/v2\/media\/46871"}],"wp:attachment":[{"href":"https:\/\/www.radiosanctispiritus.cu\/es\/wp-json\/wp\/v2\/media?parent=46862"}],"wp:term":[{"taxonomy":"category","embeddable":true,"href":"https:\/\/www.radiosanctispiritus.cu\/es\/wp-json\/wp\/v2\/categories?post=46862"},{"taxonomy":"post_tag","embeddable":true,"href":"https:\/\/www.radiosanctispiritus.cu\/es\/wp-json\/wp\/v2\/tags?post=46862"},{"taxonomy":"author","embeddable":true,"href":"https:\/\/www.radiosanctispiritus.cu\/es\/wp-json\/wp\/v2\/coauthors?post=46862"}],"curies":[{"name":"wp","href":"https:\/\/api.w.org\/{rel}","templated":true}]}}