{"id":46835,"date":"2025-05-07T13:47:14","date_gmt":"2025-05-07T17:47:14","guid":{"rendered":"https:\/\/www.radiosanctispiritus.cu\/es\/?p=46835"},"modified":"2025-05-07T13:47:14","modified_gmt":"2025-05-07T17:47:14","slug":"afectada-produccion-de-pan-por-falta-de-materia-prima","status":"publish","type":"post","link":"https:\/\/www.radiosanctispiritus.cu\/es\/afectada-produccion-de-pan-por-falta-de-materia-prima\/","title":{"rendered":"Afectada producci\u00f3n de pan por falta de materia prima"},"content":{"rendered":"<p>Se afecta la producci\u00f3n de pan en la provincia espirituana por la no disponibilidad de harina. Varios d\u00edas han transcurrido en los que las panader\u00edas de la empresa de la Industria Alimentaria no se encuentran ofertando el pan de la canasta b\u00e1sica. Los motivos de tal ausencia los explica Manuel Jung Valera, jefe de Producciones de la nombrada entidad.<\/p>\n<p><iframe src=\"https:\/\/www.ivoox.com\/player_ej_146326589_6_1.html?c1=7a0d0b\" width=\"100%\" height=\"200\" frameborder=\"0\" scrolling=\"no\" allowfullscreen=\"allowfullscreen\"><\/iframe><\/p>\n","protected":false},"excerpt":{"rendered":"<p>Se afecta la producci\u00f3n de pan en la provincia espirituana por la no disponibilidad de harina. Varios d\u00edas han transcurrido en los que las panader\u00edas de la empresa de la Industria Alimentaria no se encuentran ofertando el pan de la canasta b\u00e1sica. Los motivos de tal ausencia los explica Manuel Jung Valera, jefe de producciones de la nombrada entidad.<\/p>\n","protected":false},"author":19,"featured_media":46836,"comment_status":"open","ping_status":"open","sticky":false,"template":"","format":"standard","meta":{"_acf_changed":false,"footnotes":""},"categories":[8,9,1],"tags":[],"coauthors":[],"class_list":["post-46835","post","type-post","status-publish","format-standard","has-post-thumbnail","hentry","category-noticia","category-en-audio","category-sancti-spiritus"],"acf":[],"_links":{"self":[{"href":"https:\/\/www.radiosanctispiritus.cu\/es\/wp-json\/wp\/v2\/posts\/46835","targetHints":{"allow":["GET"]}}],"collection":[{"href":"https:\/\/www.radiosanctispiritus.cu\/es\/wp-json\/wp\/v2\/posts"}],"about":[{"href":"https:\/\/www.radiosanctispiritus.cu\/es\/wp-json\/wp\/v2\/types\/post"}],"author":[{"embeddable":true,"href":"https:\/\/www.radiosanctispiritus.cu\/es\/wp-json\/wp\/v2\/users\/19"}],"replies":[{"embeddable":true,"href":"https:\/\/www.radiosanctispiritus.cu\/es\/wp-json\/wp\/v2\/comments?post=46835"}],"version-history":[{"count":0,"href":"https:\/\/www.radiosanctispiritus.cu\/es\/wp-json\/wp\/v2\/posts\/46835\/revisions"}],"wp:featuredmedia":[{"embeddable":true,"href":"https:\/\/www.radiosanctispiritus.cu\/es\/wp-json\/wp\/v2\/media\/46836"}],"wp:attachment":[{"href":"https:\/\/www.radiosanctispiritus.cu\/es\/wp-json\/wp\/v2\/media?parent=46835"}],"wp:term":[{"taxonomy":"category","embeddable":true,"href":"https:\/\/www.radiosanctispiritus.cu\/es\/wp-json\/wp\/v2\/categories?post=46835"},{"taxonomy":"post_tag","embeddable":true,"href":"https:\/\/www.radiosanctispiritus.cu\/es\/wp-json\/wp\/v2\/tags?post=46835"},{"taxonomy":"author","embeddable":true,"href":"https:\/\/www.radiosanctispiritus.cu\/es\/wp-json\/wp\/v2\/coauthors?post=46835"}],"curies":[{"name":"wp","href":"https:\/\/api.w.org\/{rel}","templated":true}]}}