{"id":46782,"date":"2025-05-06T06:16:21","date_gmt":"2025-05-06T10:16:21","guid":{"rendered":"https:\/\/www.radiosanctispiritus.cu\/es\/?p=46782"},"modified":"2025-05-06T12:29:20","modified_gmt":"2025-05-06T16:29:20","slug":"abogan-en-consejo-de-ministros-por-avanzar-en-la-eficiencia-del-control-popular-e-institucional","status":"publish","type":"post","link":"https:\/\/www.radiosanctispiritus.cu\/es\/abogan-en-consejo-de-ministros-por-avanzar-en-la-eficiencia-del-control-popular-e-institucional\/","title":{"rendered":"Abogan en Consejo de Ministros por avanzar en la eficiencia del control popular e institucional"},"content":{"rendered":"<p>A ejercer un control m\u00e1s eficiente desde todos los \u00e1mbitos, tanto desde el popular como el institucional, llam\u00f3 el Primer Secretario del Comit\u00e9 Central del Partido Comunista y Presidente de la Rep\u00fablica, Miguel D\u00edaz-Canel Berm\u00fadez, en la m\u00e1s reciente reuni\u00f3n del Consejo de Ministros, dirigida por el miembro del Bur\u00f3 Pol\u00edtico y primer ministro, Manuel Marrero Cruz.<\/p>\n<p>Hay un control popular que se ejerce en los centros de trabajo a trav\u00e9s del movimiento obrero, insisti\u00f3 el Jefe de Estado, y hay otro que se ejerce desde los grupos de trabajo comunitario, con la participaci\u00f3n de la poblaci\u00f3n. Son esos, enfatiz\u00f3, mecanismos que nosotros tenemos que potenciar, para que, de manera m\u00e1s directa, la poblaci\u00f3n participe en la toma de decisiones.<\/p>\n<p>Eso, adem\u00e1s del v\u00ednculo que se logra con la poblaci\u00f3n, reflexion\u00f3, fortalece los conceptos que sobre el ejercicio del Poder Popular en nuestra sociedad desarroll\u00f3 el Comandante en Jefe.<\/p>\n<p>Asimismo, subray\u00f3 la importancia de un mayor control desde el Partido<strong>,<\/strong> la Asamblea Nacional y el Gobierno, de las medidas y normativas que se dise\u00f1an en el pa\u00eds, sobre todo las asociadas al Programa de Gobierno para corregir distorsiones y reimpulsar la econom\u00eda.<\/p>\n<p>Justamente el an\u00e1lisis de c\u00f3mo marcha la implementaci\u00f3n de las acciones aprobadas en el referido programa suscit\u00f3 las citadas reflexiones del mandatario. En ese punto de la reuni\u00f3n, evaluado cada mes por el m\u00e1ximo \u00f3rgano de Gobierno, la viceministra primera de Econom\u00eda y Planificaci\u00f3n, Mildrey Granadillo de la Torre, se refiri\u00f3 a las principales medidas adoptadas al cierre del mes de marzo para dar cumplimiento a los diferentes objetivos.<\/p>\n<p>El pasado mes, refiri\u00f3, el trabajo estuvo encaminado, en lo fundamental, a los esquemas cerrados de autofinanciamiento en divisas; las propuestas para avanzar en el principio de subsidiar a personas y no productos<strong>,<\/strong> as\u00ed como el perfeccionamiento del Programa de Gobierno con enfoque cient\u00edfico.<\/p>\n<p>Al presentar el informe sobre el cumplimiento de la Econom\u00eda al cierre del mes de marzo, el ministro de Econom\u00eda y Planificaci\u00f3n, Joaqu\u00edn Alonso V\u00e1zquez, detall\u00f3, entre otros elementos, que aun cuando las exportaciones de bienes crecieron respecto al mes anterior, incumplieron el plan previsto.<\/p>\n<p>Una situaci\u00f3n similar, puntualiz\u00f3, se registra en la exportaci\u00f3n de servicios, en la cual el turismo decreci\u00f3 un 22 % con relaci\u00f3n a igual periodo de 2024. La zafra azucarera, coment\u00f3, mantiene una situaci\u00f3n desfavorable, al tiempo que las producciones agropecuarias registran cumplimientos, aunque a\u00fan no cubren la satisfacci\u00f3n de la demanda.<\/p>\n<p>Al respecto, el ministro de la Agricultura, Ydael P\u00e9rez Brito, reconoci\u00f3 que, aun cuando existen potencialidades para hacer m\u00e1s, este a\u00f1o se aprecian avances en la contrataci\u00f3n. Los an\u00e1lisis que hemos hecho para profundizar en la producci\u00f3n agropecuaria inscrita en el Plan de la Econom\u00eda dejan claro, asever\u00f3, que no se satisfacen las necesidades de la poblaci\u00f3n y las producciones est\u00e1n muy por debajo de lo que hace falta.<\/p>\n<p>De forma puntual, sobre el plan de inversiones en el periodo, el Ministro de Econom\u00eda y Planificaci\u00f3n detall\u00f3 que se llev\u00f3 a cabo un an\u00e1lisis de sus principales partidas.<\/p>\n<p>En tal sentido, refiri\u00f3 que se priorizar\u00e1n aquellas obras que cuentan con aseguramiento material y financiero para este a\u00f1o, principalmente las asociadas a la recuperaci\u00f3n de la generaci\u00f3n el\u00e9ctrica<strong>;<\/strong> las de terminaci\u00f3n que tributan directamente al incremento de la producci\u00f3n de alimentos, prestando especial atenci\u00f3n a los equipos de los sistemas de riego que se encuentran o est\u00e1n en proceso de arribo al pa\u00eds, y las relacionadas con la Salud, fundamentalmente las de terminaci\u00f3n y equipos, o las que garantizan la vitalidad de los servicios.<\/p>\n<p>Llegado este punto de la agenda, el Presidente de la Rep\u00fablica signific\u00f3 la importancia de chequear y de exigir por el cumplimiento de los planes a todas las entidades, m\u00e1s a\u00fan teniendo en cuenta la magnitud de la agresividad con que la nueva administraci\u00f3n estadounidense se proyecta hacia nuestro pa\u00eds, sus medidas coercitivas y las constantes maniobras medi\u00e1ticas.<\/p>\n<p>Ante esos desaf\u00edos, D\u00edaz-Canel destac\u00f3 que se vuelve cada vez m\u00e1s urgente para nuestra naci\u00f3n, sometida a una guerra econ\u00f3mica sin precedentes, gestionar de una manera diferente la econom\u00eda de guerra en que nos desempe\u00f1amos.<\/p>\n<p>Al referirse a c\u00f3mo superar la falta de ingresos en divisas, insisti\u00f3 en que las acciones tienen que dirigirse, en lo fundamental, en dos direcciones: c\u00f3mo incrementamos los ingresos de divisas y c\u00f3mo utilizamos m\u00e1s eficientemente los que obtenemos.<\/p>\n<p>Entre las prioridades de trabajo para lograr esos prop\u00f3sitos, el dignatario enfatiz\u00f3 en la necesidad de fomentar un mayor n\u00famero de exportaciones; impulsar la producci\u00f3n nacional para sustituir importaciones; seguir avanzando en el proceso de bancarizaci\u00f3n, as\u00ed como fortalecer el sistema empresarial estatal.<\/p>\n<p>A seguir potenciando la industria nacional convoc\u00f3 tambi\u00e9n el Jefe de Estado, as\u00ed como a ver al mercado interno como una fuente de desarrollo del pa\u00eds.<\/p>\n<p>Tambi\u00e9n reflexion\u00f3 acerca de los v\u00ednculos que deben existir entre los sectores estatal y no estatal de la econom\u00eda, pues la falta de control y de responsabilidad con que entidades estatales han asumido sus relaciones con el sector no estatal ha provocado que se nos hayan acumulado problemas que son inadmisibles.<\/p>\n<p>Tenemos que lograr, dijo, que el sector no estatal participe m\u00e1s en el desarrollo econ\u00f3mico y social del pa\u00eds, y que est\u00e9 insertado en las estrategias de desarrollo territorial y local y en el Plan Nacional de Desarrollo Econ\u00f3mico y Social.<\/p>\n<p>De evaluar puntualmente cada una de las acciones contenidas en el Programa de Gobierno para corregir distorsiones y reimpulsar la econom\u00eda habl\u00f3 igualmente el Primer Secretario del Comit\u00e9 Central del Partido Comunista. Por ello, su insistencia en tener en cuenta \u201cc\u00f3mo las vamos implementando, c\u00f3mo las vamos siguiendo, c\u00f3mo las vamos controlando, para tener la retroalimentaci\u00f3n necesaria y potenciarlas\u201d.<\/p>\n<h3><strong>Presupuesto del Estado: seguir avanzando en su adecuada ejecuci\u00f3n<\/strong><\/h3>\n<p>\u201cLa ejecuci\u00f3n del Presupuesto del Estado al cierre del primer trimestre del a\u00f1o muestra un resultado positivo, es un balance superavitario de 359 millones de pesos\u201d, asegur\u00f3 el ministro de Finanzas y Precios, Vladimir Regueiro Ale, al presentar el siguiente punto de la agenda.<\/p>\n<p>Ese resultado, refiri\u00f3, se obtiene en el balance general de ingresos y gastos, y tambi\u00e9n con car\u00e1cter espec\u00edfico en el resultado de la cuenta corriente, lo que indica b\u00e1sicamente el consumo por compra de bienes y servicios, y es expresi\u00f3n del Programa de Gobierno que se ha aprobado para corregir distorsiones y reimpulsar la econom\u00eda, espec\u00edficamente en las acciones de su primer objetivo, para alcanzar la estabilizaci\u00f3n macroecon\u00f3mica.<\/p>\n<p>Cincuenta y cinco municipios, el 33 % del total, tienen un resultado superavitario, 17 m\u00e1s que en igual fecha del a\u00f1o anterior, precis\u00f3.<\/p>\n<p>Los estudios que hemos realizado con los equipos de los gobiernos provinciales, con las direcciones de Finanzas y Precios, asegur\u00f3, muestran que existen potencialidades y capacidades para que m\u00e1s municipios contin\u00faen superando la posici\u00f3n deficitaria en que se encuentran, y alcanzando as\u00ed un mejor resultado; por tanto, un mejor desempe\u00f1o fiscal.<\/p>\n<p>Unido a todo ello, dijo, tambi\u00e9n hay inejecuciones de gastos que se acumulan, tanto en gastos corrientes como de capital, lo cual demanda de una atenci\u00f3n especial para garantizar el desarrollo de los programas sociales y de inversi\u00f3n aprobados con criterio de prioridad en el Presupuesto estatal.<\/p>\n<p>Al intervenir en ese punto de la reuni\u00f3n, la ministra de Trabajo y Seguridad Social, Marta Elena Feit\u00f3 Cabrera, se refiri\u00f3 al hecho de que el Presupuesto de Asistencia Social se encuentra en estos momentos al 93 % de ejecuci\u00f3n, pero dentro de este hay una partida muy importante que es la entrega de recursos a familias en situaciones de vulnerabilidad.<\/p>\n<p>Entonces, valor\u00f3, si nosotros tenemos brechas de equidad que atender, que son objetivas, no es congruente que haya territorios que tengan inejecuciones tan grandes de este presupuesto. Inclusive, hay territorios que a esta altura est\u00e1n en muy bajo porciento de ejecuci\u00f3n en esa partida del Presupuesto. Un mejor empleo permitir\u00eda una mayor atenci\u00f3n a los adultos mayores, ni\u00f1os, y haciendo cosas de car\u00e1cter social que tienen un impacto favorable.<\/p>\n<p>De ah\u00ed su llamado a atender, de manera diferenciada, c\u00f3mo se va ejecutando esa partida del Presupuesto en los territorios.<\/p>\n<p>Al referirse a este asunto, el Primer Ministro consider\u00f3 inconcebible que se manifiesten esas inejecuciones, teniendo en cuenta las complejas situaciones por resolver, sobre todo las relacionadas con personas en situaciones de vulnerabilidad, que podr\u00edan beneficiarse con ese Presupuesto.<\/p>\n<p>Marrero Cruz indic\u00f3 a los gobernadores prestar m\u00e1s atenci\u00f3n a ese tema, para transformar determinados escenarios que hoy est\u00e1n asociados a situaciones de vulnerabilidad.<\/p>\n<h3><strong>Atender con integralidad la din\u00e1mica demogr\u00e1fica<\/strong><\/h3>\n<p>En este Consejo de Ministros, Juan Carlos Alfonso Fraga, vicejefe de la Oficina Nacional de Estad\u00edstica e Informaci\u00f3n, present\u00f3 un detallado informe sobre el seguimiento a la implementaci\u00f3n de la Pol\u00edtica para la atenci\u00f3n a la Din\u00e1mica Demogr\u00e1fica en Cuba.<\/p>\n<p>De acuerdo con datos confirmados por el experto, entre 2020 y 2024 la poblaci\u00f3n nacional experiment\u00f3 un descenso significativo, y hoy se contabilizan 9 740 000 habitantes con residencia efectiva en el pa\u00eds.<\/p>\n<p>El bajo n\u00famero de nacimientos, el incremento de las defunciones y el saldo migratorio figuran entre las principales causas de este fen\u00f3meno, que incide en el recurso m\u00e1s importante que tiene la naci\u00f3n, el humano.<\/p>\n<p>Lo imprescindible y necesario, consider\u00f3, dada la evoluci\u00f3n de la din\u00e1mica demogr\u00e1fica de Cuba y todos sus territorios, es tomar a la poblaci\u00f3n como parte importante de todos los proyectos y la planificaci\u00f3n, sin olvidar que \u201cno hay din\u00e1mica demogr\u00e1fica sin econom\u00eda, pero no hay econom\u00eda sin din\u00e1mica demogr\u00e1fica\u201d.<\/p>\n<p>Por su parte, Antonio Aja, director del Centro de Estudios Demogr\u00e1ficos, inform\u00f3 sobre los resultados de las visitas a provincias y municipios para monitorear la implementaci\u00f3n de la pol\u00edtica. Junto a discretos avances, persisten problemas como el incremento de la fecundidad en las adolescentes, el empleo informal y las migraciones internas.<\/p>\n<p>Al respecto, el Primer Ministro llam\u00f3 a redoblar los esfuerzos en todo el pa\u00eds para atenuar esta negativa tendencia de un tema que es transversal a toda la sociedad. Es cierto que se le da seguimiento, se conocen los indicadores, pero no se realizan an\u00e1lisis integrales en todos los \u00e1mbitos.<\/p>\n<h3><strong>Tolerancia cero a las drogas<\/strong><\/h3>\n<p>En un escenario internacional marcado por el aumento de la producci\u00f3n y de consumo de drogas, la Mayor de las Antillas refuerza su pol\u00edtica de Tolerancia Cero, con una estrategia basada en el equilibrio de las acciones de prevenci\u00f3n y combate a este nocivo flagelo.<\/p>\n<p>De ah\u00ed que, casi cerrando la jornada de la reuni\u00f3n, el coronel Juan Carlos Poey Guerra, jefe del \u00f3rgano especializado de enfrentamiento antidroga del Ministerio del Interior, present\u00f3 un exhaustivo informe sobre las acciones preventivas y de enfrentamiento a las actividades il\u00edcitas de drogas en Cuba<strong>,<\/strong> y los principales resultados obtenidos el pasado a\u00f1o.<\/p>\n<p>En medio de un contexto internacional cada vez m\u00e1s adverso, asegur\u00f3, Cuba no est\u00e1 ajena a la amenaza de la droga y sus impactos, por lo que mantiene la voluntad pol\u00edtica de continuar colaborando con los organismos internacionales en la materia, y a su vez cumplir los compromisos asumidos como Estado parte de las tres convenciones internacionales en vigor.<\/p>\n<p>Las acciones desplegadas para el combate a los il\u00edcitos de drogas se sustentan en el respeto de los Derechos, Deberes y Garant\u00edas Fundamentales consagradas en la Constituci\u00f3n de la Rep\u00fablica, explic\u00f3.<\/p>\n<p>La estrategia seguida para el enfrentamiento, detall\u00f3, est\u00e1 basada en un equilibrio entre prevenci\u00f3n y enfrentamiento a partir de pol\u00edticas preventivas, educativas, de inclusi\u00f3n social, de participaci\u00f3n popular comunitaria, de tratamiento, de rehabilitaci\u00f3n y de Salud accesible, universal y sin discriminaci\u00f3n de ning\u00fan tipo.<\/p>\n<p>Como parte de las acciones que se han ido realizando, se refiri\u00f3 a la propuesta de creaci\u00f3n de un Observatorio Nacional de Drogas, que proporcionar\u00e1 al pa\u00eds informaci\u00f3n real, objetiva y fiable referente a la oferta, demanda y la respuesta a la situaci\u00f3n de drogas.<\/p>\n<p>Finalmente, el Primer Ministro destac\u00f3 que al enfrentamiento a las drogas nos tenemos que sumar todos, incluidas las familias, y lograr que la poblaci\u00f3n comprenda los riesgos que entra\u00f1a.<\/p>\n<p><strong>(Tomado de<a href=\"https:\/\/www.granma.cu\/cuba\/2025-05-05\/avanzar-en-la-eficiencia-del-control-popular-e-institucional-en-cuba-05-05-2025-22-05-43\" target=\"_blank\" rel=\"noopener noreferrer nofollow\"> Granma<\/a>)<\/strong><\/p>\n","protected":false},"excerpt":{"rendered":"<p>Abogan en Consejo de Ministros por avanzar en la eficiencia del control popular e institucional<\/p>\n","protected":false},"author":26,"featured_media":46785,"comment_status":"open","ping_status":"open","sticky":false,"template":"","format":"standard","meta":{"_acf_changed":false,"footnotes":""},"categories":[8,3,16],"tags":[479,358,689,1091,28,574,55],"coauthors":[],"class_list":["post-46782","post","type-post","status-publish","format-standard","has-post-thumbnail","hentry","category-noticia","category-cuba","category-economia","tag-consejo-de-ministros","tag-control-interno","tag-dinamica-demografica","tag-lucha-antidrogas","tag-miguel-diaz-canel","tag-presupuesto","tag-primer-ministro-de-cuba"],"acf":[],"_links":{"self":[{"href":"https:\/\/www.radiosanctispiritus.cu\/es\/wp-json\/wp\/v2\/posts\/46782","targetHints":{"allow":["GET"]}}],"collection":[{"href":"https:\/\/www.radiosanctispiritus.cu\/es\/wp-json\/wp\/v2\/posts"}],"about":[{"href":"https:\/\/www.radiosanctispiritus.cu\/es\/wp-json\/wp\/v2\/types\/post"}],"author":[{"embeddable":true,"href":"https:\/\/www.radiosanctispiritus.cu\/es\/wp-json\/wp\/v2\/users\/26"}],"replies":[{"embeddable":true,"href":"https:\/\/www.radiosanctispiritus.cu\/es\/wp-json\/wp\/v2\/comments?post=46782"}],"version-history":[{"count":0,"href":"https:\/\/www.radiosanctispiritus.cu\/es\/wp-json\/wp\/v2\/posts\/46782\/revisions"}],"wp:featuredmedia":[{"embeddable":true,"href":"https:\/\/www.radiosanctispiritus.cu\/es\/wp-json\/wp\/v2\/media\/46785"}],"wp:attachment":[{"href":"https:\/\/www.radiosanctispiritus.cu\/es\/wp-json\/wp\/v2\/media?parent=46782"}],"wp:term":[{"taxonomy":"category","embeddable":true,"href":"https:\/\/www.radiosanctispiritus.cu\/es\/wp-json\/wp\/v2\/categories?post=46782"},{"taxonomy":"post_tag","embeddable":true,"href":"https:\/\/www.radiosanctispiritus.cu\/es\/wp-json\/wp\/v2\/tags?post=46782"},{"taxonomy":"author","embeddable":true,"href":"https:\/\/www.radiosanctispiritus.cu\/es\/wp-json\/wp\/v2\/coauthors?post=46782"}],"curies":[{"name":"wp","href":"https:\/\/api.w.org\/{rel}","templated":true}]}}