{"id":46721,"date":"2025-05-05T04:13:55","date_gmt":"2025-05-05T08:13:55","guid":{"rendered":"https:\/\/www.radiosanctispiritus.cu\/es\/?p=46721"},"modified":"2025-05-05T10:38:41","modified_gmt":"2025-05-05T14:38:41","slug":"nueva-feria-de-empleo-esta-semana-en-sancti-spiritus","status":"publish","type":"post","link":"https:\/\/www.radiosanctispiritus.cu\/es\/nueva-feria-de-empleo-esta-semana-en-sancti-spiritus\/","title":{"rendered":"Nueva feria de empleo esta semana en Sancti Sp\u00edritus"},"content":{"rendered":"<p>Con el prop\u00f3sito de promover el acceso a un marco laboral formal y regulado, la Direcci\u00f3n de Trabajo y Seguridad Social de Sancti Sp\u00edritus convoca a todos los municipios de la provincia a participar en la Feria Nacional de Empleo.<\/p>\n<p>El jefe del Departamento de Empleo en la entidad se\u00f1alada, Orelvis Chaviano, ofreci\u00f3 m\u00e1s detalles a esta emisora.<\/p>\n<p>En la provincia se va a celebrar el pr\u00f3ximo d\u00eda 9 de mayo la segunda convocatoria del 2025 de la Feria Nacional de Empleo.<\/p>\n<p>Por lo que estamos llamando a todas las entidades y a los gobiernos municipales y provinciales el apoyo que necesitamos para la realizaci\u00f3n de la misma, una oportunidad de generaci\u00f3n de empleo que tenemos que aprovechar.<\/p>\n<p>Las entidades que sabemos que tienen d\u00e9ficit de fuerza de trabajo calificada es una oportunidad de la b\u00fasqueda de fuerza de empleo y las personas vinculadas del estudio y del trabajo tienen la oportunidad de emplearse.<\/p>\n<p>En el territorio, esta iniciativa ya ha reportado avances en materia de v\u00ednculos laborales, pues garantiza a las personas desempleadas beneficios de seguridad social y derechos establecidos en el C\u00f3digo de Trabajo.<br \/>\n<iframe src=\"https:\/\/www.ivoox.com\/player_ej_146036522_6_1.html?c1=7a0d0b\" width=\"100%\" height=\"200\" frameborder=\"0\" scrolling=\"no\" allowfullscreen=\"allowfullscreen\"><\/iframe><\/p>\n","protected":false},"excerpt":{"rendered":"<p>Con el prop\u00f3sito de promover el acceso a un marco laboral formal y regulado, la Direcci\u00f3n de Trabajo y Seguridad Social de Sancti Sp\u00edritus convoca a todos los municipios de la provincia a participar en la Feria Nacional de Empleo.<\/p>\n","protected":false},"author":173,"featured_media":39023,"comment_status":"open","ping_status":"open","sticky":false,"template":"","format":"standard","meta":{"_acf_changed":false,"footnotes":""},"categories":[9],"tags":[755,578],"coauthors":[],"class_list":["post-46721","post","type-post","status-publish","format-standard","has-post-thumbnail","hentry","category-en-audio","tag-empleo","tag-trabajo"],"acf":[],"_links":{"self":[{"href":"https:\/\/www.radiosanctispiritus.cu\/es\/wp-json\/wp\/v2\/posts\/46721","targetHints":{"allow":["GET"]}}],"collection":[{"href":"https:\/\/www.radiosanctispiritus.cu\/es\/wp-json\/wp\/v2\/posts"}],"about":[{"href":"https:\/\/www.radiosanctispiritus.cu\/es\/wp-json\/wp\/v2\/types\/post"}],"author":[{"embeddable":true,"href":"https:\/\/www.radiosanctispiritus.cu\/es\/wp-json\/wp\/v2\/users\/173"}],"replies":[{"embeddable":true,"href":"https:\/\/www.radiosanctispiritus.cu\/es\/wp-json\/wp\/v2\/comments?post=46721"}],"version-history":[{"count":0,"href":"https:\/\/www.radiosanctispiritus.cu\/es\/wp-json\/wp\/v2\/posts\/46721\/revisions"}],"wp:featuredmedia":[{"embeddable":true,"href":"https:\/\/www.radiosanctispiritus.cu\/es\/wp-json\/wp\/v2\/media\/39023"}],"wp:attachment":[{"href":"https:\/\/www.radiosanctispiritus.cu\/es\/wp-json\/wp\/v2\/media?parent=46721"}],"wp:term":[{"taxonomy":"category","embeddable":true,"href":"https:\/\/www.radiosanctispiritus.cu\/es\/wp-json\/wp\/v2\/categories?post=46721"},{"taxonomy":"post_tag","embeddable":true,"href":"https:\/\/www.radiosanctispiritus.cu\/es\/wp-json\/wp\/v2\/tags?post=46721"},{"taxonomy":"author","embeddable":true,"href":"https:\/\/www.radiosanctispiritus.cu\/es\/wp-json\/wp\/v2\/coauthors?post=46721"}],"curies":[{"name":"wp","href":"https:\/\/api.w.org\/{rel}","templated":true}]}}