{"id":46663,"date":"2025-05-04T04:15:22","date_gmt":"2025-05-04T08:15:22","guid":{"rendered":"https:\/\/www.radiosanctispiritus.cu\/es\/?p=46663"},"modified":"2025-05-02T22:50:36","modified_gmt":"2025-05-03T02:50:36","slug":"raul-ferrer-en-la-memoria","status":"publish","type":"post","link":"https:\/\/www.radiosanctispiritus.cu\/es\/raul-ferrer-en-la-memoria\/","title":{"rendered":"Ra\u00fal Ferrer en la memoria"},"content":{"rendered":"<p>Hoy se cumple el 110 aniversario del natalicio de Ra\u00fal Ferrer.<\/p>\n<p>Nacido en Yaguajay \u00a0el \u00a04 de mayo de 1915, dej\u00f3 una huella indeleble en la cultura y el magisterio cubanos.<\/p>\n<p>Conoc\u00eda a Ra\u00fal Ferrer a finales de la d\u00e9cada del ochenta. Yo rondaba los treinta a\u00f1os y el me doblaba la edad.<\/p>\n<p>En aquel tiempo se enfrascaba, como quijote impetuoso, en una campa\u00f1a por la lectura.<\/p>\n<p>La figura de Ra\u00fal Ferrer era una leyenda; desde su natal Yaguajay, donde hab\u00eda venido al mundo en el lejano 1915, hab\u00eda sentado pautas en la pedagog\u00eda cubana adem\u00e1s de que su obra po\u00e9tica era reconocida en toda Cuba.<\/p>\n<p>Nacido en el seno de una familia muy vinculada a la cultura se hab\u00eda graduado de maestro en la Escuela Normal de Santa Clara y de Bachiller en Ciencias en el Instituto de Segunda Ense\u00f1anza de esa misma ciudad.<\/p>\n<p>Por m\u00e1s de 30 a\u00f1os trabaj\u00f3 como maestro de escuelas primarias y secundarias y su experiencia en la escuelita del Batey del Central Narcisa, Yaguajay, junto a los maestros Onelio Jorge Cardoso y Herminio Bello, pasar\u00e1 a la historia de la ense\u00f1anza cubana como uno de sus acontecimientos mas hermosos y emblem\u00e1ticos.<\/p>\n<p>Escuela de ni\u00f1os pobres, sin zapatos, pero con mucha ternura y ganas de aprender, Ra\u00fal Ferrer y sus compa\u00f1eros ense\u00f1aron a los alumnos la profunda sabidur\u00eda de ser hombres y mujeres de bien, la honestidad y el amor a la patria.<\/p>\n<p>Ra\u00fal Ferrer era un poeta importante, con obras entre las que ese cuenta el cl\u00e1sico <strong>Romance de la ni\u00f1a mala. E<\/strong>so lo llev\u00f3 a ocupar dis\u00edmiles responsabilidades entre las que destacaron: Vice Coordinador Nacional de la Campa\u00f1a de Alfabetizaci\u00f3n, Viceministro de educaci\u00f3n, Jefe de la colaboraci\u00f3n cubana para la Alfabetizaci\u00f3n en Nicaragua y agregado Cultural de la Embajada Cubana en la entonces Uni\u00f3n Sovi\u00e9tica.<\/p>\n<p>Cuando lo conoc\u00ed ven\u00eda de todos esos caminos. Conservaba el brillo en los ojos y un \u00edmpetu que ya quisieran para s\u00ed muchos j\u00f3venes.<\/p>\n<p>Se dedicaba en cuerpo y alma a la Campa\u00f1a Nacional por la Lectura y me ofreci\u00f3 su amistad, animada en largas conversaciones en las que yo aprend\u00eda sobre Mart\u00ed y la historia de su querido pueblo.<\/p>\n<p>Ra\u00fal Ferrer nunca dej\u00f3 de amar a Yaguajay, y su aprecio -supongo yo- \u00a0me lo obsequiaba motivado por mi labor cultural en su terru\u00f1o y porque conmigo pod\u00eda hablar, en las noches habaneras, de Camaj\u00e1n, Narcisa, Mayajigua, de su hermano Rafelito y de otros\u00a0 personajes yag\u00fcajayenses como Vitalio y su yegua o Vici\u00e9 y sus canciones.<\/p>\n<p>Ra\u00fal Ferrer era un poeta de la vida: La poes\u00eda que no escribi\u00f3 estaba en sus gestos, en su picard\u00eda y en ese cuban\u00edsimo sentido del humor en que mezclaba su sabidur\u00eda y conocimiento del mundo con las m\u00e1s aut\u00e9nticas ra\u00edces.<\/p>\n<p>Cuando muri\u00f3 Ra\u00fal Ferrer la cultura y la pedagog\u00eda perdieron a un hombre sencillo, afable y de honda cuban\u00eda.<\/p>\n","protected":false},"excerpt":{"rendered":"<p>Hoy se cumple el 110 aniversario del natalicio de Ra\u00fal Ferrer.<\/p>\n","protected":false},"author":163,"featured_media":46666,"comment_status":"open","ping_status":"open","sticky":false,"template":"","format":"standard","meta":{"_acf_changed":false,"footnotes":""},"categories":[1023],"tags":[],"coauthors":[],"class_list":["post-46663","post","type-post","status-publish","format-standard","has-post-thumbnail","hentry","category-el-balcon-del-soto"],"acf":[],"_links":{"self":[{"href":"https:\/\/www.radiosanctispiritus.cu\/es\/wp-json\/wp\/v2\/posts\/46663","targetHints":{"allow":["GET"]}}],"collection":[{"href":"https:\/\/www.radiosanctispiritus.cu\/es\/wp-json\/wp\/v2\/posts"}],"about":[{"href":"https:\/\/www.radiosanctispiritus.cu\/es\/wp-json\/wp\/v2\/types\/post"}],"author":[{"embeddable":true,"href":"https:\/\/www.radiosanctispiritus.cu\/es\/wp-json\/wp\/v2\/users\/163"}],"replies":[{"embeddable":true,"href":"https:\/\/www.radiosanctispiritus.cu\/es\/wp-json\/wp\/v2\/comments?post=46663"}],"version-history":[{"count":0,"href":"https:\/\/www.radiosanctispiritus.cu\/es\/wp-json\/wp\/v2\/posts\/46663\/revisions"}],"wp:featuredmedia":[{"embeddable":true,"href":"https:\/\/www.radiosanctispiritus.cu\/es\/wp-json\/wp\/v2\/media\/46666"}],"wp:attachment":[{"href":"https:\/\/www.radiosanctispiritus.cu\/es\/wp-json\/wp\/v2\/media?parent=46663"}],"wp:term":[{"taxonomy":"category","embeddable":true,"href":"https:\/\/www.radiosanctispiritus.cu\/es\/wp-json\/wp\/v2\/categories?post=46663"},{"taxonomy":"post_tag","embeddable":true,"href":"https:\/\/www.radiosanctispiritus.cu\/es\/wp-json\/wp\/v2\/tags?post=46663"},{"taxonomy":"author","embeddable":true,"href":"https:\/\/www.radiosanctispiritus.cu\/es\/wp-json\/wp\/v2\/coauthors?post=46663"}],"curies":[{"name":"wp","href":"https:\/\/api.w.org\/{rel}","templated":true}]}}