{"id":46355,"date":"2025-04-28T15:00:12","date_gmt":"2025-04-28T19:00:12","guid":{"rendered":"https:\/\/www.radiosanctispiritus.cu\/es\/?p=46355"},"modified":"2025-04-28T23:27:08","modified_gmt":"2025-04-29T03:27:08","slug":"como-se-comporta-la-distribucion-de-la-canasta-familiar-normada","status":"publish","type":"post","link":"https:\/\/www.radiosanctispiritus.cu\/es\/como-se-comporta-la-distribucion-de-la-canasta-familiar-normada\/","title":{"rendered":"\u00bfC\u00f3mo se comporta la distribuci\u00f3n de la canasta familiar normada?"},"content":{"rendered":"<p>La canasta familiar normada correspondiente a los meses de marzo y abril ya est\u00e1 llegando a las unidades del comercio en toda la provincia de Sancti Sp\u00edritus.  <\/p>\n<p>Jos\u00e9 Ram\u00edrez Aguiar, director de Comercio del grupo empresarial, inform\u00f3  que actualmente se distribuyen las 7 libras de arroz correspondientes al mes de marzo y 2 libras de az\u00facar del mes en curso. Adem\u00e1s, se\u00f1al\u00f3 que los ch\u00edcharos fueron entregados por adelantado en el mes anterior, cubriendo as\u00ed la asignaci\u00f3n de abril.  <\/p>\n<p>Por otro lado, la fuente confirm\u00f3 que tambi\u00e9n se est\u00e1 distribuyendo el aseo, que incluye detergente l\u00edquido  destinado al municipio de Sancti Sp\u00edritus, seg\u00fan el sistema de rotaci\u00f3n.<br \/>\nAsimismo, los n\u00facleos familiares recibir\u00e1n jabones de ba\u00f1o y de lavar, ajustados a la composici\u00f3n de cada grupo, y dos pastillas de jab\u00f3n de lavar  para aquellos que cuentan con ni\u00f1os menores de dos a\u00f1os.  <\/p>\n<p>La llegada de estos productos a las unidades comerciales de la provincia garantiza la continuidad en la entrega de la canasta familiar normada para los meses de marzo y abril.  <\/p>\n<p><iframe src=\"https:\/\/www.ivoox.com\/player_ej_145717407_6_1.html?c1=7a0d0b\" width=\"100%\" height=\"200\" frameborder=\"0\" allowfullscreen=\"\" scrolling=\"no\" loading=\"lazy\"><\/iframe><\/p>\n","protected":false},"excerpt":{"rendered":"<p>La canasta familiar normada correspondiente a los meses de marzo y abril ya est\u00e1 llegando a las unidades del comercio en toda la provincia de Sancti Sp\u00edritus.  <\/p>\n","protected":false},"author":19,"featured_media":42431,"comment_status":"open","ping_status":"open","sticky":false,"template":"","format":"standard","meta":{"_acf_changed":false,"footnotes":""},"categories":[8,9,1],"tags":[],"coauthors":[],"class_list":["post-46355","post","type-post","status-publish","format-standard","has-post-thumbnail","hentry","category-noticia","category-en-audio","category-sancti-spiritus"],"acf":[],"_links":{"self":[{"href":"https:\/\/www.radiosanctispiritus.cu\/es\/wp-json\/wp\/v2\/posts\/46355","targetHints":{"allow":["GET"]}}],"collection":[{"href":"https:\/\/www.radiosanctispiritus.cu\/es\/wp-json\/wp\/v2\/posts"}],"about":[{"href":"https:\/\/www.radiosanctispiritus.cu\/es\/wp-json\/wp\/v2\/types\/post"}],"author":[{"embeddable":true,"href":"https:\/\/www.radiosanctispiritus.cu\/es\/wp-json\/wp\/v2\/users\/19"}],"replies":[{"embeddable":true,"href":"https:\/\/www.radiosanctispiritus.cu\/es\/wp-json\/wp\/v2\/comments?post=46355"}],"version-history":[{"count":0,"href":"https:\/\/www.radiosanctispiritus.cu\/es\/wp-json\/wp\/v2\/posts\/46355\/revisions"}],"wp:featuredmedia":[{"embeddable":true,"href":"https:\/\/www.radiosanctispiritus.cu\/es\/wp-json\/wp\/v2\/media\/42431"}],"wp:attachment":[{"href":"https:\/\/www.radiosanctispiritus.cu\/es\/wp-json\/wp\/v2\/media?parent=46355"}],"wp:term":[{"taxonomy":"category","embeddable":true,"href":"https:\/\/www.radiosanctispiritus.cu\/es\/wp-json\/wp\/v2\/categories?post=46355"},{"taxonomy":"post_tag","embeddable":true,"href":"https:\/\/www.radiosanctispiritus.cu\/es\/wp-json\/wp\/v2\/tags?post=46355"},{"taxonomy":"author","embeddable":true,"href":"https:\/\/www.radiosanctispiritus.cu\/es\/wp-json\/wp\/v2\/coauthors?post=46355"}],"curies":[{"name":"wp","href":"https:\/\/api.w.org\/{rel}","templated":true}]}}