{"id":46258,"date":"2025-04-26T16:30:30","date_gmt":"2025-04-26T20:30:30","guid":{"rendered":"https:\/\/www.radiosanctispiritus.cu\/es\/?p=46258"},"modified":"2025-04-26T16:30:30","modified_gmt":"2025-04-26T20:30:30","slug":"delegacion-cubana-participa-en-ultimo-adios-al-papa-francisco","status":"publish","type":"post","link":"https:\/\/www.radiosanctispiritus.cu\/es\/delegacion-cubana-participa-en-ultimo-adios-al-papa-francisco\/","title":{"rendered":"Delegaci\u00f3n cubana participa en \u00faltimo adi\u00f3s al papa Francisco"},"content":{"rendered":"<p>Una delegaci\u00f3n cubana, encabezada por el vicepresidente, Salvador Vald\u00e9s Mesa, dio este s\u00e1bado su \u00faltimo adi\u00f3s, en nombre del pueblo y gobierno de ese pa\u00eds, al papa Francisco, en la misa exequial celebrada esta ma\u00f1ana en la Santa Sede.<\/p>\n<p>La representaci\u00f3n cubana en esa ceremonia, efectuada a las 10:00 hora local en la Plaza de San Pedro, estuvo integrada adem\u00e1s por Caridad Diego, jefa de la Oficina de Atenci\u00f3n a los Asuntos Religiosos del Comit\u00e9 Central del Partido Comunista, y por el viceministro de Relaciones Exteriores Elio Rodr\u00edguez.<\/p>\n<p>En declaraciones a Prensa Latina, el vicepresidente destac\u00f3 que el Sumo Pont\u00edfice \u201cfue un hombre que quiso mucho a Cuba, y siempre mantuvo una relaci\u00f3n muy especial con su pueblo\u201d que \u201cdej\u00f3 clara en todo momento\u201d.<\/p>\n<p><img decoding=\"async\" class=\"size-medium wp-image-46260 aligncenter\" src=\"https:\/\/www.radiosanctispiritus.cu\/es\/wp-content\/uploads\/Cuba-papa1-1-600x433.jpg\" alt=\"\" width=\"600\" height=\"433\" srcset=\"https:\/\/www.radiosanctispiritus.cu\/es\/wp-content\/uploads\/Cuba-papa1-1-600x433.jpg 600w, https:\/\/www.radiosanctispiritus.cu\/es\/wp-content\/uploads\/Cuba-papa1-1-768x554.jpg 768w, https:\/\/www.radiosanctispiritus.cu\/es\/wp-content\/uploads\/Cuba-papa1-1.jpg 800w\" sizes=\"(max-width: 600px) 100vw, 600px\" \/><\/p>\n<p>Vald\u00e9s Mesa hizo referencia a la importancia de la visita del papa Francisco a la naci\u00f3n caribe\u00f1a, entre el 19 y el 22 de septiembre de 2015, en la cual incluy\u00f3, adem\u00e1s de su labor pastoral, un encuentro con el Comandante en Jefe, Fidel Castro.<\/p>\n<p>Enfatiz\u00f3 que Francisco siempre fue consecuente con sus ideas, con sus principios, y entre las muchas causas que defendi\u00f3, denunci\u00f3 en m\u00faltiples ocasiones la pol\u00edtica de gobierno norteamericano contra Cuba.<\/p>\n<p>En tal sentido, record\u00f3 el vicepresidente, el Obispo de Roma contribuy\u00f3 al mejoramiento de las relaciones entre su pa\u00eds y Estados Unidos, durante el mandato del presidente Barack Obama.<\/p>\n<p>En un mensaje enviado el 14 de enero de 2023 al pueblo de Cuba, el Pont\u00edfice le dio \u201cgracias por ese ejemplo de colaboraci\u00f3n y ayuda mutua que los une\u201d y le dese\u00f3 que, con \u201cel esp\u00edritu que los caracteriza, abierto, acogedor y solidario, sigan caminando juntos con esperanza\u201d y \u201cparticularmente en medio de las adversidades\u201d.<\/p>\n<p>Unos meses antes, el 12 de julio 2022, el Obispo de Roma manifest\u00f3 que \u201cCuba es un s\u00edmbolo, Cuba tiene una historia grande\u201d y enfatiz\u00f3 que \u201cyo quiero mucho al pueblo cubano\u201d en esa entrevista donde se refiri\u00f3 tambi\u00e9n a su \u201crelaci\u00f3n humana\u201d con el General de Ej\u00e9rcito y expresidente de ese pa\u00eds, Ra\u00fal Castro.<\/p>\n<p><img decoding=\"async\" class=\"size-medium wp-image-46261 aligncenter\" src=\"https:\/\/www.radiosanctispiritus.cu\/es\/wp-content\/uploads\/Cuba-papa-600x350.jpg\" alt=\"\" width=\"600\" height=\"350\" srcset=\"https:\/\/www.radiosanctispiritus.cu\/es\/wp-content\/uploads\/Cuba-papa-600x350.jpg 600w, https:\/\/www.radiosanctispiritus.cu\/es\/wp-content\/uploads\/Cuba-papa-768x447.jpg 768w, https:\/\/www.radiosanctispiritus.cu\/es\/wp-content\/uploads\/Cuba-papa.jpg 800w\" sizes=\"(max-width: 600px) 100vw, 600px\" \/><\/p>\n<p>\u201cEl papa Francisco deja un legado importante a las nuevas generaciones\u201d, asever\u00f3 Vald\u00e9s Mesa, pues \u201chizo una contribuci\u00f3n relevante con su lucha a favor de la paz, contra las guerras, la protecci\u00f3n del medio ambiente\u201d y \u201cestuvo siempre al lado de los despose\u00eddos, de los pobres, los ni\u00f1os, las mujeres, los ancianos\u201d.<\/p>\n<p>\u201cPor eso es que hemos venido en nombre de la direcci\u00f3n del Partido, del Gobierno y del pueblo de Cuba a despedir y agradecer a quien fue un gran amigo, luchador infatigable en defensa de las causas m\u00e1s nobles, a favor de la paz y la fraternidad entre los pueblos.<\/p>\n<p>En la misa f\u00fanebre del papa Francisco, presidida por el decano del Colegio Cardenalicio, Giovanni Battista Re, participaron unas 250 mil personas, incluidas m\u00e1s de 180 delegaciones de todo el mundo.<\/p>\n<p>Al culminar la misma inici\u00f3 el traslado del f\u00e9retro con los restos mortales del Obispo de Roma hacia la Bas\u00edlica de Santa Mar\u00eda la Mayor, para recibir sepultura en una tumba sencilla que, como \u00fanica inscripci\u00f3n, cuenta con su nombre en lat\u00edn: Franciscus, seg\u00fan el deseo expresado por el Sumo Pont\u00edfice en su testamento.<\/p>\n","protected":false},"excerpt":{"rendered":"<p>Una delegaci\u00f3n cubana, encabezada por el vicepresidente, Salvador Vald\u00e9s Mesa, dio Su \u00faltimo adi\u00f3s, en nombre del pueblo y gobierno de ese pa\u00eds, al papa Francisco, en la misa exequial celebrada en la ma\u00f1ana de este s\u00e1bado en la Santa Sede.<\/p>\n","protected":false},"author":22,"featured_media":46259,"comment_status":"open","ping_status":"open","sticky":false,"template":"","format":"standard","meta":{"_acf_changed":false,"footnotes":""},"categories":[8,3,4],"tags":[608,176],"coauthors":[],"class_list":["post-46258","post","type-post","status-publish","format-standard","has-post-thumbnail","hentry","category-noticia","category-cuba","category-internacionales","tag-cuba-vaticano","tag-papa-francisco"],"acf":[],"_links":{"self":[{"href":"https:\/\/www.radiosanctispiritus.cu\/es\/wp-json\/wp\/v2\/posts\/46258","targetHints":{"allow":["GET"]}}],"collection":[{"href":"https:\/\/www.radiosanctispiritus.cu\/es\/wp-json\/wp\/v2\/posts"}],"about":[{"href":"https:\/\/www.radiosanctispiritus.cu\/es\/wp-json\/wp\/v2\/types\/post"}],"author":[{"embeddable":true,"href":"https:\/\/www.radiosanctispiritus.cu\/es\/wp-json\/wp\/v2\/users\/22"}],"replies":[{"embeddable":true,"href":"https:\/\/www.radiosanctispiritus.cu\/es\/wp-json\/wp\/v2\/comments?post=46258"}],"version-history":[{"count":0,"href":"https:\/\/www.radiosanctispiritus.cu\/es\/wp-json\/wp\/v2\/posts\/46258\/revisions"}],"wp:featuredmedia":[{"embeddable":true,"href":"https:\/\/www.radiosanctispiritus.cu\/es\/wp-json\/wp\/v2\/media\/46259"}],"wp:attachment":[{"href":"https:\/\/www.radiosanctispiritus.cu\/es\/wp-json\/wp\/v2\/media?parent=46258"}],"wp:term":[{"taxonomy":"category","embeddable":true,"href":"https:\/\/www.radiosanctispiritus.cu\/es\/wp-json\/wp\/v2\/categories?post=46258"},{"taxonomy":"post_tag","embeddable":true,"href":"https:\/\/www.radiosanctispiritus.cu\/es\/wp-json\/wp\/v2\/tags?post=46258"},{"taxonomy":"author","embeddable":true,"href":"https:\/\/www.radiosanctispiritus.cu\/es\/wp-json\/wp\/v2\/coauthors?post=46258"}],"curies":[{"name":"wp","href":"https:\/\/api.w.org\/{rel}","templated":true}]}}