{"id":46138,"date":"2025-04-25T00:10:37","date_gmt":"2025-04-25T04:10:37","guid":{"rendered":"https:\/\/www.radiosanctispiritus.cu\/es\/?p=46138"},"modified":"2025-04-25T00:13:09","modified_gmt":"2025-04-25T04:13:09","slug":"cuba-rinde-honores-al-papa-francisco","status":"publish","type":"post","link":"https:\/\/www.radiosanctispiritus.cu\/es\/cuba-rinde-honores-al-papa-francisco\/","title":{"rendered":"Cuba rinde honores al papa Francisco"},"content":{"rendered":"<p>Marcada por el agradecimiento a las palabras de afecto dirigidas a la mayor de las Antillas y reconocimiento del legado del Sumo Pont\u00edfice, tuvo lugar este jueves en la Catedral de La Habana una misa de honor al papa Francisco, ocasi\u00f3n que cont\u00f3 con la presencia de Miguel D\u00edaz-Canel, Primer Secretario del Comit\u00e9 Central del Partido Comunista de Cuba y Presidente de la Rep\u00fablica.<\/p>\n<p>A su entrada a la Catedral, Antoine Camilleri, Nuncio Apost\u00f3lico en Cuba, salud\u00f3 al mandatario, en un gesto de agradecimiento por su presencia en la ceremonia religiosa, a la cual asistieron tambi\u00e9n autoridades del Partido, el Estado y el Gobierno cubano.<\/p>\n<p>Con cantos, oraciones y palabras de recordaci\u00f3n a la vida y obra del papa, cientos de fieles cat\u00f3licos, representantes de iglesias ortodoxas y de otras denominaciones cristianas as\u00ed como el pueblo all\u00ed presente refrendaron la reciprocidad del cari\u00f1o y la cercan\u00eda que siempre profes\u00f3 Francisco por Cuba.<\/p>\n<p>En la homil\u00eda de la celebraci\u00f3n lit\u00fargica, el Nuncio Apost\u00f3lico record\u00f3 la vida de entrega y servicio del papa a la fe cristiana, a la iglesia y la humanidad entera y alz\u00f3 plegarias por su alma entregada ya al descanso eterno.<\/p>\n<p>Sobre Francisco apunt\u00f3 que hizo honor en toda la extensi\u00f3n de la palabra a su t\u00edtulo de pont\u00edfice, o sea, hacedor de puentes, ya que en su figura logr\u00f3 ser no solo el Santo Padre de los cat\u00f3licos, sino para todos sin distinci\u00f3n, con atenci\u00f3n especial a quienes se sienten que no encajan en ning\u00fan lugar.<\/p>\n<p>Gracias por tu vida, ense\u00f1anzas, testimonios y el cari\u00f1o especial que sentiste por Cuba, concluy\u00f3.<\/p>\n<p>La misa de honor al papa es una muestra de la comuni\u00f3n de la Iglesia cubana con el sentir del catolicismo mundial, tras el fallecimiento del pont\u00edfice el pasado 21 de abril.<\/p>\n<p>Francisco, de nombre secular Jorge Mario Bergoglio, fue el primer papa jesuita y el primero proveniente del hemisferio sur, siendo adem\u00e1s el primer pont\u00edfice originario de Am\u00e9rica y el primero no europeo desde el sirio Gregorio III, fallecido en el a\u00f1o 741.<\/p>\n<p>Su papado se distingui\u00f3 por la humildad, la adhesi\u00f3n a la opci\u00f3n preferencial por los pobres\u2014principio que abarca a los marginados y sufrientes de distinta extracci\u00f3n\u2014 y su compromiso de di\u00e1logo con personas de diferentes or\u00edgenes y credos.<\/p>\n","protected":false},"excerpt":{"rendered":"<p>Marcada por el agradecimiento a las palabras de afecto dirigidas a la mayor de las Antillas y reconocimiento del legado del Sumo Pont\u00edfice, tuvo lugar este jueves en la Catedral de La Habana una misa de honor al papa Francisco, ocasi\u00f3n que cont\u00f3 con la presencia de Miguel D\u00edaz-Canel, Primer Secretario del Comit\u00e9 Central del Partido Comunista de Cuba y Presidente de la Rep\u00fablica.<\/p>\n","protected":false},"author":123,"featured_media":46140,"comment_status":"open","ping_status":"open","sticky":false,"template":"","format":"standard","meta":{"_acf_changed":false,"footnotes":""},"categories":[8,3],"tags":[629,608,28,176],"coauthors":[],"class_list":["post-46138","post","type-post","status-publish","format-standard","has-post-thumbnail","hentry","category-noticia","category-cuba","tag-cuba-religion","tag-cuba-vaticano","tag-miguel-diaz-canel","tag-papa-francisco"],"acf":[],"_links":{"self":[{"href":"https:\/\/www.radiosanctispiritus.cu\/es\/wp-json\/wp\/v2\/posts\/46138","targetHints":{"allow":["GET"]}}],"collection":[{"href":"https:\/\/www.radiosanctispiritus.cu\/es\/wp-json\/wp\/v2\/posts"}],"about":[{"href":"https:\/\/www.radiosanctispiritus.cu\/es\/wp-json\/wp\/v2\/types\/post"}],"author":[{"embeddable":true,"href":"https:\/\/www.radiosanctispiritus.cu\/es\/wp-json\/wp\/v2\/users\/123"}],"replies":[{"embeddable":true,"href":"https:\/\/www.radiosanctispiritus.cu\/es\/wp-json\/wp\/v2\/comments?post=46138"}],"version-history":[{"count":0,"href":"https:\/\/www.radiosanctispiritus.cu\/es\/wp-json\/wp\/v2\/posts\/46138\/revisions"}],"wp:featuredmedia":[{"embeddable":true,"href":"https:\/\/www.radiosanctispiritus.cu\/es\/wp-json\/wp\/v2\/media\/46140"}],"wp:attachment":[{"href":"https:\/\/www.radiosanctispiritus.cu\/es\/wp-json\/wp\/v2\/media?parent=46138"}],"wp:term":[{"taxonomy":"category","embeddable":true,"href":"https:\/\/www.radiosanctispiritus.cu\/es\/wp-json\/wp\/v2\/categories?post=46138"},{"taxonomy":"post_tag","embeddable":true,"href":"https:\/\/www.radiosanctispiritus.cu\/es\/wp-json\/wp\/v2\/tags?post=46138"},{"taxonomy":"author","embeddable":true,"href":"https:\/\/www.radiosanctispiritus.cu\/es\/wp-json\/wp\/v2\/coauthors?post=46138"}],"curies":[{"name":"wp","href":"https:\/\/api.w.org\/{rel}","templated":true}]}}