{"id":46129,"date":"2025-04-30T04:00:29","date_gmt":"2025-04-30T08:00:29","guid":{"rendered":"https:\/\/www.radiosanctispiritus.cu\/es\/?p=46129"},"modified":"2025-04-29T23:43:02","modified_gmt":"2025-04-30T03:43:02","slug":"jose-perdomo-y-los-murales","status":"publish","type":"post","link":"https:\/\/www.radiosanctispiritus.cu\/es\/jose-perdomo-y-los-murales\/","title":{"rendered":"Los murales de Perdomo"},"content":{"rendered":"<p>Hoy est\u00e1 de cumplea\u00f1os el destacado artista Jos\u00e9 Perdomo Garc\u00eda.<strong>\u00a0<\/strong><\/p>\n<p>Nacido 30 de abril de 1961 ha forjado una obra de calidad por su dominio de los recursos t\u00e9cnicos, su disciplina natural, su dedicaci\u00f3n constante al estudio, y destreza t\u00e9cnica.<\/p>\n<p>Graduado a finales de la d\u00e9cada de los 80 en el Instituto Superior de Arte (ISA), Perdomo ha trabajado g\u00e9neros como el paisaje, la naturaleza muerta y el retrato. Ha recibido dis\u00edmiles distinciones y sus obras integran colecciones que se encuentran en diferentes instituciones importantes de Cuba y otras privadas en diferentes naciones.<\/p>\n<p>En Sancti Sp\u00edritus, villa fundada en 1514 y con una profusa tradici\u00f3n de pintura mural, se ha mantenido la tradici\u00f3n, renovada con la existencia de innumerables obras que le confieren a este territorio el calificativo de Ciudad de los Murales.<\/p>\n<p>Un centro arquitect\u00f3nico que resalta por su belleza y la conservaci\u00f3n de edificaciones de siglos anteriores, es un espacio adecuado para que la imaginaci\u00f3n de nuestros creadores haya logrado integrar su visi\u00f3n del entorno a las m\u00e1s altas exigencias de la est\u00e9tica.<\/p>\n<p>Uno de esos creadores que ha dejado su impronta en la ciudad es Jos\u00e9 Perdomo, patentizando que la vida cotidiana puede aderezarse con buen gusto y sentido pr\u00e1ctico.<\/p>\n<p>Hacer un mural a gran escala es oficio de entendidos. La integraci\u00f3n al ambiente urban\u00edstico, los materiales a emplear, las dimensiones y el mensaje a trasmitir resultan indispensables.<\/p>\n<p>Los murales espirituanos dan fe del papel social de la cultura y de esa propiedad que tiene de transformar la realidad y dotarla de nuevas cualidades.<\/p>\n<p>En la calle Llano, coraz\u00f3n del centro hist\u00f3rico tiene Perdomo quiz\u00e1s sus dos m\u00e1s representativos murales en la ciudad, donde tiene otros.<\/p>\n<p>Con ingenio, creatividad y poder de s\u00edntesis en ambos se expresan elementos que le dan un sello a la villa: El barro, las piedras, las tejas, las columnas, la cer\u00e1mica, entre otros se integran armoniosamente con otros elementos de la modernidad.<\/p>\n<p><img decoding=\"async\" class=\"aligncenter size-full wp-image-46134\" src=\"https:\/\/www.radiosanctispiritus.cu\/es\/wp-content\/uploads\/mural.jpg\" alt=\"\" width=\"533\" height=\"400\" \/>Una inmensa pared que abarca el costado izquierdo de las edificaciones y viviendas de la empedrada calle Llano, bajando desde el Teatro Principal, fue el sitio escogido para el montaje de uno de esos murales.<\/p>\n<p>En ese mural el artista de la pl\u00e1stica realiz\u00f3 un recorrido desde los momentos fundacionales de la villa hasta la actualidad,\u00a0y su mensaje lo trasmiten las piedras, a\u00f1ejos elementos de cer\u00e1mica, arena de r\u00edo, entre otros, que dan un peculiar toque a la obra.<\/p>\n<p><img decoding=\"async\" class=\"size-full wp-image-46135\" src=\"https:\/\/www.radiosanctispiritus.cu\/es\/wp-content\/uploads\/Mural-3.jpg\" alt=\"\" width=\"600\" height=\"400\" \/><\/p>\n<p>El otro mural, en un lateral de la Casa de la Guayabera integra una pared existente al entorno, con elementos tridimensionales como un techo de tejas, columnas,ladrillos, rejas, bisagras y piedras.<\/p>\n<p>Ambas obras son un regalo de Jos\u00e9 Perdomo a la villa espirituana<\/p>\n<p>Cuando pasen los a\u00f1os otras generaciones admirar\u00e1n estas obras, con el mismo encanto con que nosotros las recibimos.<\/p>\n<p>Ese es el verdadero valor de la obra de arte: Trascender en el tiempo y alentar un mensaje para el futuro.<\/p>\n<p>&nbsp;<\/p>\n","protected":false},"excerpt":{"rendered":"<p>Hoy est\u00e1 de cumplea\u00f1os el destacado artista Jos\u00e9 Perdomo Garc\u00eda.\u00a0 Nacido 30 de abril de 1961 ha forjado una obra de calidad por su dominio de los recursos t\u00e9cnicos, su disciplina natural, su dedicaci\u00f3n constante al estudio, y destreza t\u00e9cnica. Graduado a finales de la d\u00e9cada de los 80 en el Instituto Superior de Arte [&hellip;]<\/p>\n","protected":false},"author":163,"featured_media":46134,"comment_status":"open","ping_status":"open","sticky":false,"template":"","format":"standard","meta":{"_acf_changed":false,"footnotes":""},"categories":[1023],"tags":[],"coauthors":[],"class_list":["post-46129","post","type-post","status-publish","format-standard","has-post-thumbnail","hentry","category-el-balcon-del-soto"],"acf":[],"_links":{"self":[{"href":"https:\/\/www.radiosanctispiritus.cu\/es\/wp-json\/wp\/v2\/posts\/46129","targetHints":{"allow":["GET"]}}],"collection":[{"href":"https:\/\/www.radiosanctispiritus.cu\/es\/wp-json\/wp\/v2\/posts"}],"about":[{"href":"https:\/\/www.radiosanctispiritus.cu\/es\/wp-json\/wp\/v2\/types\/post"}],"author":[{"embeddable":true,"href":"https:\/\/www.radiosanctispiritus.cu\/es\/wp-json\/wp\/v2\/users\/163"}],"replies":[{"embeddable":true,"href":"https:\/\/www.radiosanctispiritus.cu\/es\/wp-json\/wp\/v2\/comments?post=46129"}],"version-history":[{"count":0,"href":"https:\/\/www.radiosanctispiritus.cu\/es\/wp-json\/wp\/v2\/posts\/46129\/revisions"}],"wp:featuredmedia":[{"embeddable":true,"href":"https:\/\/www.radiosanctispiritus.cu\/es\/wp-json\/wp\/v2\/media\/46134"}],"wp:attachment":[{"href":"https:\/\/www.radiosanctispiritus.cu\/es\/wp-json\/wp\/v2\/media?parent=46129"}],"wp:term":[{"taxonomy":"category","embeddable":true,"href":"https:\/\/www.radiosanctispiritus.cu\/es\/wp-json\/wp\/v2\/categories?post=46129"},{"taxonomy":"post_tag","embeddable":true,"href":"https:\/\/www.radiosanctispiritus.cu\/es\/wp-json\/wp\/v2\/tags?post=46129"},{"taxonomy":"author","embeddable":true,"href":"https:\/\/www.radiosanctispiritus.cu\/es\/wp-json\/wp\/v2\/coauthors?post=46129"}],"curies":[{"name":"wp","href":"https:\/\/api.w.org\/{rel}","templated":true}]}}