{"id":46078,"date":"2025-04-23T22:44:05","date_gmt":"2025-04-24T02:44:05","guid":{"rendered":"https:\/\/www.radiosanctispiritus.cu\/es\/?p=46078"},"modified":"2025-04-23T22:44:05","modified_gmt":"2025-04-24T02:44:05","slug":"envio-diaz-canel-mensaje-de-condolencias-tras-muerte-del-papa","status":"publish","type":"post","link":"https:\/\/www.radiosanctispiritus.cu\/es\/envio-diaz-canel-mensaje-de-condolencias-tras-muerte-del-papa\/","title":{"rendered":"Envi\u00f3 D\u00edaz-Canel mensaje de condolencias tras muerte del Papa"},"content":{"rendered":"<p>Miguel D\u00edaz-Canel Berm\u00fadez, Primer Secretario del Comit\u00e9 Central del Partido Comunista de Cuba y Presidente de la Rep\u00fablica, envi\u00f3 un mensaje oficial de condolencias por el fallecimiento del papa Francisco, a quien calific\u00f3 como \u00abincansable defensor de los humildes, de la casa com\u00fan y de la fraternidad entre los pueblos\u00bb.<\/p>\n<p>Por su importancia, transmitimos de manera \u00edntegra el mensaje.<\/p>\n<p>La Habana, 21 de abril de 2025.<\/p>\n<p>Descanse en paz, incansable defensor de los humildes, de la casa com\u00fan, como llamaba a nuestro planeta, y de la fraternidad entre los pueblos. Recibir la noticia de su deceso nos entristeci\u00f3 profundamente.<\/p>\n<p>La humanidad tuvo en Usted a un tenaz defensor de la paz, que abog\u00f3 por el cese de las agresiones, los bloqueos y las sanciones unilaterales. Las muestras de afecto y cordial cercan\u00eda que siempre transmiti\u00f3 a los habitantes de nuestra patria, a la que calific\u00f3 de amada tierra, fueron reciprocadas por los hijos de esta naci\u00f3n, que recuerdan con sumo afecto sus visitas a Cuba y las palabras de cari\u00f1o que dedic\u00f3 a nuestro pa\u00eds en sus mensajes.<\/p>\n<p>La humildad, sabidur\u00eda, autoridad moral y esp\u00edritu transformador que guiaron su vida y pontificado, contribuyeron a fomentar un di\u00e1logo constructivo y de entendimiento entre ambos Estados, que permiti\u00f3 continuar desarrollando las positivas relaciones entre Cuba y la Santa Sede.<\/p>\n<p>Lamentamos profundamente su partida y anhelamos que su ejemplo perdure en las actuales y futuras generaciones,<\/p>\n<p>Miguel D\u00edaz-Canel Berm\u00fadez<\/p>\n<p>Presidente de la Rep\u00fablica de Cuba<\/p>\n","protected":false},"excerpt":{"rendered":"<p>Miguel D\u00edaz-Canel Berm\u00fadez, Primer Secretario del Comit\u00e9 Central del Partido Comunista de Cuba y Presidente de la Rep\u00fablica, envi\u00f3 un mensaje oficial de condolencias por el fallecimiento del papa Francisco, a quien calific\u00f3 como \u00abincansable defensor de los humildes, de la casa com\u00fan y de la fraternidad entre los pueblos\u00bb.<\/p>\n","protected":false},"author":123,"featured_media":46079,"comment_status":"open","ping_status":"open","sticky":false,"template":"","format":"standard","meta":{"_acf_changed":false,"footnotes":""},"categories":[8,3],"tags":[608,28,176],"coauthors":[],"class_list":["post-46078","post","type-post","status-publish","format-standard","has-post-thumbnail","hentry","category-noticia","category-cuba","tag-cuba-vaticano","tag-miguel-diaz-canel","tag-papa-francisco"],"acf":[],"_links":{"self":[{"href":"https:\/\/www.radiosanctispiritus.cu\/es\/wp-json\/wp\/v2\/posts\/46078","targetHints":{"allow":["GET"]}}],"collection":[{"href":"https:\/\/www.radiosanctispiritus.cu\/es\/wp-json\/wp\/v2\/posts"}],"about":[{"href":"https:\/\/www.radiosanctispiritus.cu\/es\/wp-json\/wp\/v2\/types\/post"}],"author":[{"embeddable":true,"href":"https:\/\/www.radiosanctispiritus.cu\/es\/wp-json\/wp\/v2\/users\/123"}],"replies":[{"embeddable":true,"href":"https:\/\/www.radiosanctispiritus.cu\/es\/wp-json\/wp\/v2\/comments?post=46078"}],"version-history":[{"count":0,"href":"https:\/\/www.radiosanctispiritus.cu\/es\/wp-json\/wp\/v2\/posts\/46078\/revisions"}],"wp:featuredmedia":[{"embeddable":true,"href":"https:\/\/www.radiosanctispiritus.cu\/es\/wp-json\/wp\/v2\/media\/46079"}],"wp:attachment":[{"href":"https:\/\/www.radiosanctispiritus.cu\/es\/wp-json\/wp\/v2\/media?parent=46078"}],"wp:term":[{"taxonomy":"category","embeddable":true,"href":"https:\/\/www.radiosanctispiritus.cu\/es\/wp-json\/wp\/v2\/categories?post=46078"},{"taxonomy":"post_tag","embeddable":true,"href":"https:\/\/www.radiosanctispiritus.cu\/es\/wp-json\/wp\/v2\/tags?post=46078"},{"taxonomy":"author","embeddable":true,"href":"https:\/\/www.radiosanctispiritus.cu\/es\/wp-json\/wp\/v2\/coauthors?post=46078"}],"curies":[{"name":"wp","href":"https:\/\/api.w.org\/{rel}","templated":true}]}}