{"id":46035,"date":"2025-04-24T04:17:44","date_gmt":"2025-04-24T08:17:44","guid":{"rendered":"https:\/\/www.radiosanctispiritus.cu\/es\/?p=46035"},"modified":"2025-04-23T19:56:34","modified_gmt":"2025-04-23T23:56:34","slug":"combatientes-espirituanos-se-suman-a-actividades-por-el-dia-internacional-de-los-trabajadores","status":"publish","type":"post","link":"https:\/\/www.radiosanctispiritus.cu\/es\/combatientes-espirituanos-se-suman-a-actividades-por-el-dia-internacional-de-los-trabajadores\/","title":{"rendered":"Combatientes espirituanos se suman a actividades por el D\u00eda Internacional de los Trabajadores"},"content":{"rendered":"<p>Los miembros de la Asociaci\u00f3n de Combatientes de la Revoluci\u00f3n cubana en Sancti Sp\u00edritus intensifican su participaci\u00f3n en los preparativos del Primero de mayo sum\u00e1ndose a la convocatoria nacional de la Central de Trabajadores de Cuba bajo el lema \u201cPor Cuba juntos creamos\u201d.<\/p>\n<p>El teniente coronel de la reserva Luis Cabrera P\u00e9rez, \u00a0jefe de la secretar\u00eda del trabajo patri\u00f3tico militar en este gremio espirituano, dijo a esta emisora que \u201crealmente nos estamos preparando para el Primero de mayo desde principios de abril , todo este plan que se ha cumplido en abril en conmemoraci\u00f3n de diferentes fechas importantes del pa\u00eds han sido para organizar la provincia para el desfile del Primero de mayo\u201d.<\/p>\n<p>\u201cComo combatientes vamos a participar junto con el sindicato de la defensa pero, no obstante hicimos una convocatoria en el municipio de Sancti Sp\u00edritus de movilizar cerca de 40 combatientes para desfilar en representaci\u00f3n de los combatientes dentro de ese gremio de los civiles por la defensa.<\/p>\n<p>En cada municipio todos los combatientes tendr\u00e1n su participaci\u00f3n junto con el sindicato de la defensa.<\/p>\n<p>Tambi\u00e9n como tarea principal, \u00a0antes del Primero de mayo todas las instalaciones provinciales y municipales de cada uno de nuestros territorios se engalanaran con toda la propaganda en saludo a la fecha.<br \/>\n<iframe src=\"https:\/\/www.ivoox.com\/player_ej_145547007_6_1.html\" width=\"100%\" height=\"200\" frameborder=\"0\" scrolling=\"no\" allowfullscreen=\"allowfullscreen\"><\/iframe><\/p>\n","protected":false},"excerpt":{"rendered":"<p>Los miembros de la Asociaci\u00f3n de Combatientes de la Revoluci\u00f3n cubana en Sancti Sp\u00edritus intensifican su participaci\u00f3n en los preparativos del Primero de mayo<\/p>\n","protected":false},"author":18,"featured_media":46043,"comment_status":"open","ping_status":"open","sticky":false,"template":"","format":"standard","meta":{"_acf_changed":false,"footnotes":""},"categories":[9],"tags":[329,749],"coauthors":[],"class_list":["post-46035","post","type-post","status-publish","format-standard","has-post-thumbnail","hentry","category-en-audio","tag-acrc","tag-primero-de-mayo"],"acf":[],"_links":{"self":[{"href":"https:\/\/www.radiosanctispiritus.cu\/es\/wp-json\/wp\/v2\/posts\/46035","targetHints":{"allow":["GET"]}}],"collection":[{"href":"https:\/\/www.radiosanctispiritus.cu\/es\/wp-json\/wp\/v2\/posts"}],"about":[{"href":"https:\/\/www.radiosanctispiritus.cu\/es\/wp-json\/wp\/v2\/types\/post"}],"author":[{"embeddable":true,"href":"https:\/\/www.radiosanctispiritus.cu\/es\/wp-json\/wp\/v2\/users\/18"}],"replies":[{"embeddable":true,"href":"https:\/\/www.radiosanctispiritus.cu\/es\/wp-json\/wp\/v2\/comments?post=46035"}],"version-history":[{"count":0,"href":"https:\/\/www.radiosanctispiritus.cu\/es\/wp-json\/wp\/v2\/posts\/46035\/revisions"}],"wp:featuredmedia":[{"embeddable":true,"href":"https:\/\/www.radiosanctispiritus.cu\/es\/wp-json\/wp\/v2\/media\/46043"}],"wp:attachment":[{"href":"https:\/\/www.radiosanctispiritus.cu\/es\/wp-json\/wp\/v2\/media?parent=46035"}],"wp:term":[{"taxonomy":"category","embeddable":true,"href":"https:\/\/www.radiosanctispiritus.cu\/es\/wp-json\/wp\/v2\/categories?post=46035"},{"taxonomy":"post_tag","embeddable":true,"href":"https:\/\/www.radiosanctispiritus.cu\/es\/wp-json\/wp\/v2\/tags?post=46035"},{"taxonomy":"author","embeddable":true,"href":"https:\/\/www.radiosanctispiritus.cu\/es\/wp-json\/wp\/v2\/coauthors?post=46035"}],"curies":[{"name":"wp","href":"https:\/\/api.w.org\/{rel}","templated":true}]}}