{"id":46004,"date":"2025-04-24T04:04:18","date_gmt":"2025-04-24T08:04:18","guid":{"rendered":"https:\/\/www.radiosanctispiritus.cu\/es\/?p=46004"},"modified":"2025-04-23T20:06:19","modified_gmt":"2025-04-24T00:06:19","slug":"musica-y-mercado-2","status":"publish","type":"post","link":"https:\/\/www.radiosanctispiritus.cu\/es\/musica-y-mercado-2\/","title":{"rendered":"M\u00fasica y Mercado"},"content":{"rendered":"<p>A los cubanos, entre otros atributos nos define la m\u00fasica. Son pocos en el mundo los capaces, como nosotros, de atesorar exponentes tan diversos como la trova, el son, la m\u00fasica campesina y el folclor negro con sus g\u00e9neros.<\/p>\n<p>De este modo, si no fuese por lo inaccesible que se torna el mercado y tambi\u00e9n porque no hemos sabido encontrar v\u00edas adecuadas para comercializarla, nuestra m\u00fasica podr\u00eda erigirse en una fuente importante de ingresos para el pa\u00eds.<\/p>\n<p>No soy seguidor, ni amante del reguet\u00f3n, ni de la m\u00fasica \u00abrepartera\u00bb -y el t\u00e9rmino no lo utilizo despectivamente.<\/p>\n<p>Sucedi\u00f3 que cuando llegaron a la escena cubana, los reguetoneros y reparteros encontraron un terreno f\u00e9rtil a su modo de decir y all\u00ed sembraron sus obras.<\/p>\n<p>Contra viento y marea, a contracorriente, reguetoneros y reparteros fueron logrando paulatinamente presencia en el mercado de la m\u00fasica.\u00a0 Quiz\u00e1s sean hoy el rostro m\u00e1s visible de la m\u00fasica cubana, al menos en Norteam\u00e9rica.<\/p>\n<p>No hay dudas de que la industria discogr\u00e1fica y todo cuanto genera en promoci\u00f3n y videos, es un gran consorcio mundial, con poderes para establecer figuras, dictar modas y fabricar mitos sin que necesariamente est\u00e9n autentificados por la calidad.<\/p>\n<p>La propia globalizaci\u00f3n permite que las preferencias musicales se homogenicen y que\u00a0 solo con diferencia de horas un disco pueda ser adquirido en cualquier parte del mundo. Esto propicia que el sistema de estrellas se consolide y en \u00e9l intervengan de modo cada vez creciente atributos que nada tienen que ver con la m\u00fasica.<\/p>\n<p>Todo un andamiaje mundial sostiene a esta floreciente industria: Imagen, distribuci\u00f3n, publicaciones, esc\u00e1ndalos del coraz\u00f3n y mucho marketing sustituyen en ocasiones al verdadero talento y la autenticidad.<\/p>\n<p>Esto hace que la m\u00fasica se acompa\u00f1e entonces de un modo de actuar y consumir que imita patrones puestos en venta -sobre todo para los j\u00f3venes- por estas grandes compa\u00f1\u00edas disqueras. Para el negocio, un artista es bueno si vende: Y punto.<\/p>\n<p>En nuestro pa\u00eds la m\u00fasica es protegida por instituciones estatales que subvencionan leg\u00edtimas expresiones, para que no desaparezcan. Sin embargo en un mundo global no podemos librarnos de productos falsificados en laboratorios de compa\u00f1\u00edas disqueras.<\/p>\n<p>Pese a la calidad de nuestra m\u00fasica, a la influencia probada que ha ejercido en g\u00e9neros de alcance mundial como el jazz y a los premios que sistem\u00e1ticamente obtienen nuestros m\u00fasicos en otros foros no estamos en condiciones de competir con \u00e9xito en el mercado del orbe.<\/p>\n<p>Mientras tanto, aqu\u00ed en fronteras, debemos luchar por preservar mejor nuestro patrimonio musical, por hacerlo reconocido por todos los cubanos y porque tanta mala m\u00fasica for\u00e1nea, y local, no sea promocionada por desconocedores e improvisados.<\/p>\n","protected":false},"excerpt":{"rendered":"<p>A los cubanos, entre otros atributos nos define la m\u00fasica. Son pocos en el mundo los capaces, como nosotros, de atesorar exponentes tan diversos como la trova, el son, la m\u00fasica campesina y el folclor negro con sus g\u00e9neros. De este modo, si no fuese por lo inaccesible que se torna el mercado y tambi\u00e9n [&hellip;]<\/p>\n","protected":false},"author":163,"featured_media":46049,"comment_status":"open","ping_status":"open","sticky":false,"template":"","format":"standard","meta":{"_acf_changed":false,"footnotes":""},"categories":[1023],"tags":[],"coauthors":[],"class_list":["post-46004","post","type-post","status-publish","format-standard","has-post-thumbnail","hentry","category-el-balcon-del-soto"],"acf":[],"_links":{"self":[{"href":"https:\/\/www.radiosanctispiritus.cu\/es\/wp-json\/wp\/v2\/posts\/46004","targetHints":{"allow":["GET"]}}],"collection":[{"href":"https:\/\/www.radiosanctispiritus.cu\/es\/wp-json\/wp\/v2\/posts"}],"about":[{"href":"https:\/\/www.radiosanctispiritus.cu\/es\/wp-json\/wp\/v2\/types\/post"}],"author":[{"embeddable":true,"href":"https:\/\/www.radiosanctispiritus.cu\/es\/wp-json\/wp\/v2\/users\/163"}],"replies":[{"embeddable":true,"href":"https:\/\/www.radiosanctispiritus.cu\/es\/wp-json\/wp\/v2\/comments?post=46004"}],"version-history":[{"count":0,"href":"https:\/\/www.radiosanctispiritus.cu\/es\/wp-json\/wp\/v2\/posts\/46004\/revisions"}],"wp:featuredmedia":[{"embeddable":true,"href":"https:\/\/www.radiosanctispiritus.cu\/es\/wp-json\/wp\/v2\/media\/46049"}],"wp:attachment":[{"href":"https:\/\/www.radiosanctispiritus.cu\/es\/wp-json\/wp\/v2\/media?parent=46004"}],"wp:term":[{"taxonomy":"category","embeddable":true,"href":"https:\/\/www.radiosanctispiritus.cu\/es\/wp-json\/wp\/v2\/categories?post=46004"},{"taxonomy":"post_tag","embeddable":true,"href":"https:\/\/www.radiosanctispiritus.cu\/es\/wp-json\/wp\/v2\/tags?post=46004"},{"taxonomy":"author","embeddable":true,"href":"https:\/\/www.radiosanctispiritus.cu\/es\/wp-json\/wp\/v2\/coauthors?post=46004"}],"curies":[{"name":"wp","href":"https:\/\/api.w.org\/{rel}","templated":true}]}}