{"id":45929,"date":"2025-04-22T05:28:53","date_gmt":"2025-04-22T09:28:53","guid":{"rendered":"https:\/\/www.radiosanctispiritus.cu\/es\/?p=45929"},"modified":"2025-04-22T07:55:23","modified_gmt":"2025-04-22T11:55:23","slug":"cuba-decreta-duelo-oficial-por-deceso-del-papa-francisco","status":"publish","type":"post","link":"https:\/\/www.radiosanctispiritus.cu\/es\/cuba-decreta-duelo-oficial-por-deceso-del-papa-francisco\/","title":{"rendered":"Cuba decreta Duelo Oficial por deceso del papa Francisco"},"content":{"rendered":"<p>El presidente de Cuba, Miguel D\u00edaz-Canel, decret\u00f3 este lunes Duelo Oficial por el fallecimiento del sumo pont\u00edfice de la Iglesia Cat\u00f3lica, su santidad el papa Francisco, inform\u00f3 la televisi\u00f3n nacional.<\/p>\n<p>La medida se extender\u00e1 desde las 6:00, hora local del 22 de abril hasta las 24:00 del 24 pr\u00f3ximo.<\/p>\n<p>De acuerdo con la comunicaci\u00f3n, el papa Francisco fue muy activo en la b\u00fasqueda de soluciones a las problem\u00e1ticas globales que afectan a la humanidad y al medio ambiente, y un ferviente defensor de la paz.<\/p>\n<p>Coincidi\u00f3 con Cuba en muchos temas de la agenda internacional durante su larga y destacada trayectoria como jefe de Estado y l\u00edder espiritual, se\u00f1al\u00f3 el texto que destac\u00f3 sus contribuciones para el fortalecimiento de las relaciones entre esta naci\u00f3n antillana y la Santa Sede, basado en el di\u00e1logo respetuoso.<\/p>\n<p>Movido por profundos sentimientos de afecto hacia el pueblo cubano intercedi\u00f3 por el mejoramiento de las relaciones entre Estados Unidos y Cuba abogando por que el gobierno estadounidense dejara a un lado la pol\u00edtica de bloqueo contra nuestra naci\u00f3n, resalt\u00f3.<\/p>\n<p>Record\u00f3 el comunicado, asimismo, las relaciones de amistad que mantuvo el sumo pont\u00edfice con el General de Ej\u00e9rcito Ra\u00fal Castro y su recibimiento al presidente Miguel D\u00edaz-Canel en la Santa Sede, en junio de 2023.<\/p>\n<p>Mientras est\u00e9 vigente el duelo oficial la ense\u00f1a nacional se izar\u00e1 a media asta en los edificios p\u00fablicos e instituciones militares.<\/p>\n","protected":false},"excerpt":{"rendered":"<p>El presidente de Cuba, Miguel D\u00edaz-Canel, decret\u00f3 este lunes Duelo Oficial por el fallecimiento del sumo pont\u00edfice de la Iglesia Cat\u00f3lica, su santidad el papa Francisco.<\/p>\n","protected":false},"author":22,"featured_media":45931,"comment_status":"open","ping_status":"open","sticky":false,"template":"","format":"standard","meta":{"_acf_changed":false,"footnotes":""},"categories":[8,3],"tags":[629,608,207,176],"coauthors":[],"class_list":["post-45929","post","type-post","status-publish","format-standard","has-post-thumbnail","hentry","category-noticia","category-cuba","tag-cuba-religion","tag-cuba-vaticano","tag-duelo-oficial","tag-papa-francisco"],"acf":[],"_links":{"self":[{"href":"https:\/\/www.radiosanctispiritus.cu\/es\/wp-json\/wp\/v2\/posts\/45929","targetHints":{"allow":["GET"]}}],"collection":[{"href":"https:\/\/www.radiosanctispiritus.cu\/es\/wp-json\/wp\/v2\/posts"}],"about":[{"href":"https:\/\/www.radiosanctispiritus.cu\/es\/wp-json\/wp\/v2\/types\/post"}],"author":[{"embeddable":true,"href":"https:\/\/www.radiosanctispiritus.cu\/es\/wp-json\/wp\/v2\/users\/22"}],"replies":[{"embeddable":true,"href":"https:\/\/www.radiosanctispiritus.cu\/es\/wp-json\/wp\/v2\/comments?post=45929"}],"version-history":[{"count":0,"href":"https:\/\/www.radiosanctispiritus.cu\/es\/wp-json\/wp\/v2\/posts\/45929\/revisions"}],"wp:featuredmedia":[{"embeddable":true,"href":"https:\/\/www.radiosanctispiritus.cu\/es\/wp-json\/wp\/v2\/media\/45931"}],"wp:attachment":[{"href":"https:\/\/www.radiosanctispiritus.cu\/es\/wp-json\/wp\/v2\/media?parent=45929"}],"wp:term":[{"taxonomy":"category","embeddable":true,"href":"https:\/\/www.radiosanctispiritus.cu\/es\/wp-json\/wp\/v2\/categories?post=45929"},{"taxonomy":"post_tag","embeddable":true,"href":"https:\/\/www.radiosanctispiritus.cu\/es\/wp-json\/wp\/v2\/tags?post=45929"},{"taxonomy":"author","embeddable":true,"href":"https:\/\/www.radiosanctispiritus.cu\/es\/wp-json\/wp\/v2\/coauthors?post=45929"}],"curies":[{"name":"wp","href":"https:\/\/api.w.org\/{rel}","templated":true}]}}