{"id":45926,"date":"2025-04-22T05:20:11","date_gmt":"2025-04-22T09:20:11","guid":{"rendered":"https:\/\/www.radiosanctispiritus.cu\/es\/?p=45926"},"modified":"2025-04-22T07:56:09","modified_gmt":"2025-04-22T11:56:09","slug":"raul-castro-expresa-pesar-por-deceso-del-papa-francisco","status":"publish","type":"post","link":"https:\/\/www.radiosanctispiritus.cu\/es\/raul-castro-expresa-pesar-por-deceso-del-papa-francisco\/","title":{"rendered":"Ra\u00fal Castro expresa pesar por deceso del papa Francisco"},"content":{"rendered":"<p>El General de Ej\u00e9rcito Ra\u00fal Castro expres\u00f3 este lunes su profundo agradecimiento y afecto hacia el papa Francisco, fallecido esta jornada, a quien calific\u00f3 de amigo entra\u00f1able, y hombre \u00edntegro y consecuente.<\/p>\n<p>En su mensaje, divulgado por la televisi\u00f3n nacional, el l\u00edder de la Revoluci\u00f3n cubana afirm\u00f3 que el deceso del sumo pont\u00edfice de la Iglesia Cat\u00f3lica lo conmueve profundamente.<\/p>\n<p>Conservo gratos recuerdos de los encuentros que sostuvimos y aprecio significativamente su cari\u00f1o hacia el pueblo cubano y su contribuci\u00f3n personal para fomentar un di\u00e1logo fraternal y de entendimiento en las relaciones entre Cuba y la Santa Sede, que se fortalecieron durante su pontificado, se\u00f1al\u00f3.<\/p>\n<p>Destac\u00f3, asimismo, que la vida y papado de Francisco fueron ejemplos de infatigable bregar en defensa de la paz y la fraternidad entre los pueblos.<\/p>\n<p>Su preocupaci\u00f3n constante por los acuciantes retos que enfrenta la humanidad y su dedicaci\u00f3n y compromiso con la b\u00fasqueda de una soluci\u00f3n viable y a la vez sostenible a esas problem\u00e1ticas ser\u00e1n ejemplo para todos.<\/p>\n<p>Tal como me manifest\u00f3 en una ocasi\u00f3n, tambi\u00e9n lo llevar\u00e9 para siempre en mi coraz\u00f3n, expres\u00f3.<\/p>\n<p>El presidente de Cuba, Miguel D\u00edaz-Canel, decret\u00f3 esta jornada Duelo Oficial por el fallecimiento del papa Francisco.<\/p>\n<p>La medida se extender\u00e1 desde las 6:00, hora local, del 22 de abril hasta las 24:00 del 24 pr\u00f3ximo.<\/p>\n","protected":false},"excerpt":{"rendered":"<p>El General de Ej\u00e9rcito Ra\u00fal Castro expres\u00f3 este lunes su profundo agradecimiento y afecto hacia el papa Francisco, fallecido esta jornada, a quien calific\u00f3 de amigo entra\u00f1able, y hombre \u00edntegro y consecuente.<\/p>\n","protected":false},"author":22,"featured_media":45927,"comment_status":"open","ping_status":"open","sticky":false,"template":"","format":"standard","meta":{"_acf_changed":false,"footnotes":""},"categories":[8,3],"tags":[629,176,87],"coauthors":[],"class_list":["post-45926","post","type-post","status-publish","format-standard","has-post-thumbnail","hentry","category-noticia","category-cuba","tag-cuba-religion","tag-papa-francisco","tag-raul-castro"],"acf":[],"_links":{"self":[{"href":"https:\/\/www.radiosanctispiritus.cu\/es\/wp-json\/wp\/v2\/posts\/45926","targetHints":{"allow":["GET"]}}],"collection":[{"href":"https:\/\/www.radiosanctispiritus.cu\/es\/wp-json\/wp\/v2\/posts"}],"about":[{"href":"https:\/\/www.radiosanctispiritus.cu\/es\/wp-json\/wp\/v2\/types\/post"}],"author":[{"embeddable":true,"href":"https:\/\/www.radiosanctispiritus.cu\/es\/wp-json\/wp\/v2\/users\/22"}],"replies":[{"embeddable":true,"href":"https:\/\/www.radiosanctispiritus.cu\/es\/wp-json\/wp\/v2\/comments?post=45926"}],"version-history":[{"count":0,"href":"https:\/\/www.radiosanctispiritus.cu\/es\/wp-json\/wp\/v2\/posts\/45926\/revisions"}],"wp:featuredmedia":[{"embeddable":true,"href":"https:\/\/www.radiosanctispiritus.cu\/es\/wp-json\/wp\/v2\/media\/45927"}],"wp:attachment":[{"href":"https:\/\/www.radiosanctispiritus.cu\/es\/wp-json\/wp\/v2\/media?parent=45926"}],"wp:term":[{"taxonomy":"category","embeddable":true,"href":"https:\/\/www.radiosanctispiritus.cu\/es\/wp-json\/wp\/v2\/categories?post=45926"},{"taxonomy":"post_tag","embeddable":true,"href":"https:\/\/www.radiosanctispiritus.cu\/es\/wp-json\/wp\/v2\/tags?post=45926"},{"taxonomy":"author","embeddable":true,"href":"https:\/\/www.radiosanctispiritus.cu\/es\/wp-json\/wp\/v2\/coauthors?post=45926"}],"curies":[{"name":"wp","href":"https:\/\/api.w.org\/{rel}","templated":true}]}}