{"id":45872,"date":"2025-04-21T13:38:44","date_gmt":"2025-04-21T17:38:44","guid":{"rendered":"https:\/\/www.radiosanctispiritus.cu\/es\/?p=45872"},"modified":"2025-04-21T13:59:05","modified_gmt":"2025-04-21T17:59:05","slug":"cuba-se-suma-a-condolencias-por-muerte-del-papa-francisco","status":"publish","type":"post","link":"https:\/\/www.radiosanctispiritus.cu\/es\/cuba-se-suma-a-condolencias-por-muerte-del-papa-francisco\/","title":{"rendered":"Cuba se suma a condolencias por muerte del Papa Francisco"},"content":{"rendered":"<p>El presidente de Cuba, Miguel D\u00edaz-Canel, manifest\u00f3 este lunes sus condolencias por el deceso del papa Francisco, primer obispo de Roma procedente de una naci\u00f3n de Am\u00e9rica Latina.<\/p>\n<p>\u00abLamentamos profundamente el fallecimiento del inolvidable Papa Francisco\u00bb, expres\u00f3 el jefe de Estado en la red social X.<\/p>\n<p>\u00abLas muestras de afecto y cordial cercan\u00eda que transmiti\u00f3 a nuestros compatriotas fueron siempre reciprocadas por los cubanos\u00bb, a\u00f1adi\u00f3.<\/p>\n<p>A la par, el ministro de Relaciones Exteriores de Cuba, Bruno Rodr\u00edguez, tambi\u00e9n lament\u00f3 el fallecimiento del primer pont\u00edfice de la historia procedente de Am\u00e9rica Latina.<\/p>\n<p>\u00abExpreso sentidas condolencias a la comunidad cat\u00f3lica internacional en este momento de pesar por el deceso del Papa Francisco\u00bb, manifest\u00f3 Rodr\u00edguez en la red social X.<\/p>\n<p>Seg\u00fan coment\u00f3 en la propia plataforma, en la naci\u00f3n caribe\u00f1a se recordar\u00e1 \u00abcon cari\u00f1o sus visitas a Cuba y la cercan\u00eda que siempre transmiti\u00f3 a los cubanos\u00bb.<\/p>\n<p>El Vaticano asegur\u00f3 que este lunes \u00abel Obispo de Roma, Francisco, regres\u00f3 a la casa del Padre\u00bb y destac\u00f3 la dedicaci\u00f3n durante toda su vida \u00abal servicio del Se\u00f1or y de su Iglesia\u00bb.<\/p>\n<p>Jorge Mario Bergoglio, Francisco, de Argentina, fue elegido jefe de la Iglesia cat\u00f3lica en marzo de 2013, despu\u00e9s de la renuncia de Benedicto XVI.<\/p>\n<p>Padeci\u00f3 problemas respiratorios y estuvo ingresado m\u00e1s de un mes, hasta que recibi\u00f3 el alta m\u00e9dica el 23 de marzo \u00faltimo.<\/p>\n<p>Muri\u00f3 a los 88 a\u00f1os de edad, poco despu\u00e9s de su aparici\u00f3n en la Plaza de San Pedro del Vaticano con motivo del Domingo de Pascua.<\/p>\n<p>Del 19 al 22 de septiembre de 2015, el Papa Francisco realiz\u00f3 un viaje apost\u00f3lico a Cuba, durante el cu\u00e1l dialog\u00f3 con el l\u00edder hist\u00f3rico de la Revoluci\u00f3n cubana, Fidel Castro.<\/p>\n<p>El 12 de febrero de 2016 volvi\u00f3 a suelo cubano en una escala de su viaje a M\u00e9xico y sostuvo en este pa\u00eds un encuentro con el Patriarca de la Iglesia Ortodoxa Rusa, Su Santidad Kirill, primera reuni\u00f3n de los l\u00edderes de ambas iglesias, luego del cisma del cristianismo en el a\u00f1o 1054.<\/p>\n<p><strong>Luto en el mundo por la muerte del papa Francisco<\/strong><\/p>\n<p><img decoding=\"async\" class=\"alignnone size-medium wp-image-45877\" src=\"https:\/\/www.radiosanctispiritus.cu\/es\/wp-content\/uploads\/papa-francisco-2-600x360.jpg\" alt=\"\" width=\"600\" height=\"360\" srcset=\"https:\/\/www.radiosanctispiritus.cu\/es\/wp-content\/uploads\/papa-francisco-2-600x360.jpg 600w, https:\/\/www.radiosanctispiritus.cu\/es\/wp-content\/uploads\/papa-francisco-2-768x461.jpg 768w, https:\/\/www.radiosanctispiritus.cu\/es\/wp-content\/uploads\/papa-francisco-2.jpg 1024w\" sizes=\"(max-width: 600px) 100vw, 600px\" \/><\/p>\n<p>El mundo conoci\u00f3 este lunes la triste noticia de que a las 07:35 hora local falleci\u00f3 el papa Francisco, quien dedic\u00f3 toda su vida a la defensa de las causas m\u00e1s nobles, al servicio de la humanidad.<\/p>\n<p>A las 9:47 hora local de este lunes el cardenal Kevin Joseph Farrell, Camarlengo de la Santa Iglesia Romana, anunci\u00f3 con profundo dolor la muerte del Sumo Pont\u00edfice, se\u00f1ala un comunicado divulgado por la oficina de prensa del Vaticano.<\/p>\n<p>El Santo Padre \u201cnos ense\u00f1\u00f3 a vivir los valores del Evangelio con fidelidad, valent\u00eda y amor universal, especialmente en favor de los m\u00e1s pobres y marginados\u201d, expresa la nota.<\/p>\n<p>Francisco, el primer papa latinoamericano de la historia, se caracteriz\u00f3 por su bondad, su valent\u00eda y firmes convicciones, siempre al lado de los m\u00e1s humildes, cr\u00edtico implacable de las pol\u00edticas imperialistas, de las guerras, de la discriminaci\u00f3n racial, de la desigualdad, de las pol\u00edticas contra los inmigrantes.<\/p>\n<p>Luchador incansable por la defensa del planeta y promotor de acciones para enfrentar el cambio clim\u00e1tico, la deforestaci\u00f3n, los peligros de la Inteligencia Artificial, y tantas muchas obras nobles.<\/p>\n<p>Entre las muchas causas que defendi\u00f3, denunci\u00f3 en m\u00faltiples ocasiones la pol\u00edtica estadounidense contra Cuba y siempre estuvo al lado de su pueblo, como qued\u00f3 reafirmado en su encuentro en el Vaticano con el presidente de esa naci\u00f3n caribe\u00f1a, Miguel D\u00edaz-Canel, el 20 de junio de 2023.<\/p>\n<p>El 14 de enero de ese a\u00f1o el Obispo de Roma envi\u00f3 un mensaje al pueblo de Cuba, en ocasi\u00f3n del aniversario 25 de la visita de Juan Pablo II a la Isla, donde le dio \u201cgracias por ese ejemplo de colaboraci\u00f3n y ayuda mutua que los une\u201d.<\/p>\n<p>El 12 de julio de 2023 expres\u00f3 que \u201cCuba es un s\u00edmbolo, Cuba tiene una historia grande\u201d, y agreg\u00f3 que \u201cyo quiero mucho al pueblo cubano\u201d.<\/p>\n<p>La muerte del papa Francisco representa un duro golpe para la humanidad y deja un vac\u00edo en momentos complejos para el mundo, aunque tamb\u00eden nos lega su obra y su ejemplo inspirador, imperecedero.<\/p>\n","protected":false},"excerpt":{"rendered":"<p>El presidente de Cuba, Miguel D\u00edaz-Canel, manifest\u00f3 este lunes sus condolencias por el deceso del papa Francisco, primer obispo de Roma procedente de una naci\u00f3n de Am\u00e9rica Latina.<\/p>\n","protected":false},"author":22,"featured_media":45873,"comment_status":"open","ping_status":"open","sticky":false,"template":"","format":"standard","meta":{"_acf_changed":false,"footnotes":""},"categories":[8,3],"tags":[629,28,176],"coauthors":[],"class_list":["post-45872","post","type-post","status-publish","format-standard","has-post-thumbnail","hentry","category-noticia","category-cuba","tag-cuba-religion","tag-miguel-diaz-canel","tag-papa-francisco"],"acf":[],"_links":{"self":[{"href":"https:\/\/www.radiosanctispiritus.cu\/es\/wp-json\/wp\/v2\/posts\/45872","targetHints":{"allow":["GET"]}}],"collection":[{"href":"https:\/\/www.radiosanctispiritus.cu\/es\/wp-json\/wp\/v2\/posts"}],"about":[{"href":"https:\/\/www.radiosanctispiritus.cu\/es\/wp-json\/wp\/v2\/types\/post"}],"author":[{"embeddable":true,"href":"https:\/\/www.radiosanctispiritus.cu\/es\/wp-json\/wp\/v2\/users\/22"}],"replies":[{"embeddable":true,"href":"https:\/\/www.radiosanctispiritus.cu\/es\/wp-json\/wp\/v2\/comments?post=45872"}],"version-history":[{"count":0,"href":"https:\/\/www.radiosanctispiritus.cu\/es\/wp-json\/wp\/v2\/posts\/45872\/revisions"}],"wp:featuredmedia":[{"embeddable":true,"href":"https:\/\/www.radiosanctispiritus.cu\/es\/wp-json\/wp\/v2\/media\/45873"}],"wp:attachment":[{"href":"https:\/\/www.radiosanctispiritus.cu\/es\/wp-json\/wp\/v2\/media?parent=45872"}],"wp:term":[{"taxonomy":"category","embeddable":true,"href":"https:\/\/www.radiosanctispiritus.cu\/es\/wp-json\/wp\/v2\/categories?post=45872"},{"taxonomy":"post_tag","embeddable":true,"href":"https:\/\/www.radiosanctispiritus.cu\/es\/wp-json\/wp\/v2\/tags?post=45872"},{"taxonomy":"author","embeddable":true,"href":"https:\/\/www.radiosanctispiritus.cu\/es\/wp-json\/wp\/v2\/coauthors?post=45872"}],"curies":[{"name":"wp","href":"https:\/\/api.w.org\/{rel}","templated":true}]}}