{"id":45739,"date":"2025-04-17T23:37:11","date_gmt":"2025-04-18T03:37:11","guid":{"rendered":"https:\/\/www.radiosanctispiritus.cu\/es\/?p=45739"},"modified":"2025-04-17T23:37:11","modified_gmt":"2025-04-18T03:37:11","slug":"bandera-65-aniversario-de-los-cdr-ondea-en-cabaiguan","status":"publish","type":"post","link":"https:\/\/www.radiosanctispiritus.cu\/es\/bandera-65-aniversario-de-los-cdr-ondea-en-cabaiguan\/","title":{"rendered":"Bandera 65 Aniversario de los CDR ondea en Cabaigu\u00e1n"},"content":{"rendered":"<p>La Bandera 65 Aniversario de los Comit\u00e9s de Defensa de la Revoluci\u00f3n ha ondeado en las \u00faltimas horas en Cabaigu\u00e1n, desde donde se har\u00e1 llegar este viernes a Fomento, \u00faltima fase de su periplo espirituano, antes de ser transferida a Villa Clara como parte de su recorrido por todo el pa\u00eds.<\/p>\n<p><iframe src=\"https:\/\/www.ivoox.com\/player_ej_145217252_6_1.html?c1=7a0d0b\" width=\"100%\" height=\"200\" frameborder=\"0\" scrolling=\"no\" allowfullscreen=\"allowfullscreen\"><\/iframe><\/p>\n","protected":false},"excerpt":{"rendered":"<p>La Bandera 65 Aniversario de los Comit\u00e9s de Defensa de la Revoluci\u00f3n ha ondeado en las \u00faltimas horas en Cabaigu\u00e1n, desde donde se har\u00e1 llegar este viernes a Fomento, \u00faltima fase de su periplo espirituano, antes de ser transferida a Villa Clara como parte de su recorrido por todo el pa\u00eds.<\/p>\n","protected":false},"author":176,"featured_media":45033,"comment_status":"open","ping_status":"open","sticky":false,"template":"","format":"standard","meta":{"_acf_changed":false,"footnotes":""},"categories":[8,9,1],"tags":[324,907],"coauthors":[],"class_list":["post-45739","post","type-post","status-publish","format-standard","has-post-thumbnail","hentry","category-noticia","category-en-audio","category-sancti-spiritus","tag-cdr","tag-comites-de-defensa-de-la-revolucion"],"acf":[],"_links":{"self":[{"href":"https:\/\/www.radiosanctispiritus.cu\/es\/wp-json\/wp\/v2\/posts\/45739","targetHints":{"allow":["GET"]}}],"collection":[{"href":"https:\/\/www.radiosanctispiritus.cu\/es\/wp-json\/wp\/v2\/posts"}],"about":[{"href":"https:\/\/www.radiosanctispiritus.cu\/es\/wp-json\/wp\/v2\/types\/post"}],"author":[{"embeddable":true,"href":"https:\/\/www.radiosanctispiritus.cu\/es\/wp-json\/wp\/v2\/users\/176"}],"replies":[{"embeddable":true,"href":"https:\/\/www.radiosanctispiritus.cu\/es\/wp-json\/wp\/v2\/comments?post=45739"}],"version-history":[{"count":0,"href":"https:\/\/www.radiosanctispiritus.cu\/es\/wp-json\/wp\/v2\/posts\/45739\/revisions"}],"wp:featuredmedia":[{"embeddable":true,"href":"https:\/\/www.radiosanctispiritus.cu\/es\/wp-json\/wp\/v2\/media\/45033"}],"wp:attachment":[{"href":"https:\/\/www.radiosanctispiritus.cu\/es\/wp-json\/wp\/v2\/media?parent=45739"}],"wp:term":[{"taxonomy":"category","embeddable":true,"href":"https:\/\/www.radiosanctispiritus.cu\/es\/wp-json\/wp\/v2\/categories?post=45739"},{"taxonomy":"post_tag","embeddable":true,"href":"https:\/\/www.radiosanctispiritus.cu\/es\/wp-json\/wp\/v2\/tags?post=45739"},{"taxonomy":"author","embeddable":true,"href":"https:\/\/www.radiosanctispiritus.cu\/es\/wp-json\/wp\/v2\/coauthors?post=45739"}],"curies":[{"name":"wp","href":"https:\/\/api.w.org\/{rel}","templated":true}]}}