{"id":45729,"date":"2025-04-17T16:28:48","date_gmt":"2025-04-17T20:28:48","guid":{"rendered":"https:\/\/www.radiosanctispiritus.cu\/es\/?p=45729"},"modified":"2025-04-17T16:33:50","modified_gmt":"2025-04-17T20:33:50","slug":"que-tienen-las-brigadas-medicas-cubanas-que-molestan-tanto-al-gobierno-norteamericano","status":"publish","type":"post","link":"https:\/\/www.radiosanctispiritus.cu\/es\/que-tienen-las-brigadas-medicas-cubanas-que-molestan-tanto-al-gobierno-norteamericano\/","title":{"rendered":"\u00bfQu\u00e9 tienen las brigadas m\u00e9dicas cubanas que molestan tanto al gobierno de EEUU? (+ video)"},"content":{"rendered":"<p>Los enemigos de la Revoluci\u00f3n no acaban de interiorizar la vocaci\u00f3n de servicio, desprendimiento, altruismo, que est\u00e1 en la base misma de las profesiones vinculadas a los servicios de Salud, consider\u00f3 este jueves el presidente de Cuba, Miguel D\u00edaz-Canel.<\/p>\n<p>En el <a href=\"https:\/\/www.youtube.com\/watch?v=5ONet9kgPos&amp;list=PLT3nxYt6IACOUDVN2jsmuPEzU2ijBzlnD&amp;index=27\" target=\"_blank\" rel=\"noopener noreferrer nofollow\">p\u00f3dcast No. 27 Desde La Presidencia<\/a>, que condujo junto a un panel de expertos, el mandatario asegur\u00f3 que \u201cLa Escuela cubana de Medicina est\u00e1 guiada por los m\u00e1s hermosos valores humanos. Y los enemigos de Cuba est\u00e1n apostando al ego\u00edsmo, al individualismo, a lo peor del ser humano\u201d.<\/p>\n<p>Destac\u00f3 asimismo que las misiones cubanas defienden valores sembrados y defendidos por la Revoluci\u00f3n que son consustanciales a la Medicina, y \u201cque se desprenden del profundo sentido \u00e9tico del llamado juramento hipocr\u00e1tico\u201d.<\/p>\n<p>A\u00f1adi\u00f3 que en Cuba \u201cno hay que pagar, como en otros pa\u00edses, por una matr\u00edcula en carreras de las Ciencias M\u00e9dicas, aqu\u00ed pueden acceder a ellas todos los cubanos en pie de igualdad; lo mismo el hijo de un empresario que el de un campesino, un obrero o una madre soltera y familias con pocos recursos\u201d.<\/p>\n<p>El Jefe de Estado invit\u00f3 a compartir sus experiencias al m\u00e9dico hondure\u00f1o Luther Castillo, gar\u00edfuna (comunidades descendientes de africanos y pueblos originarios de varias regiones del Caribe), ministro en el Gobierno de Honduras y graduado de la ELAM.<\/p>\n<p>Luther valor\u00f3 la cooperaci\u00f3n cubana en Salud y en la formaci\u00f3n de personal m\u00e9dico de los pa\u00edses del Sur Global e incluso de Estados Unidos.<\/p>\n<p>En el espacio tambi\u00e9n intervino el doctor Carlos Ricardo P\u00e9rez, quien ha dirigido importantes instituciones m\u00e9dicas en el pa\u00eds, y se desempe\u00f1a actualmente como secretario general de la Cruz Roja Cubana.<\/p>\n<p>El alto funcionario de ese organismo se\u00f1al\u00f3 que \u201cllamar esclavos a un hombre libre es ofensivo, irrespetuoso\u201d.<\/p>\n<p>\u201cEl Juramento Hipocr\u00e1tico, ese que firman los m\u00e9dicos y en el que se comprometen a desempe\u00f1ar su oficio con conciencia y dignidad, a poner entre sus primeras preocupaciones la salud y la vida del enfermo, y a mantener el honor y las nobles tradiciones de la profesi\u00f3n m\u00e9dica\u201d, a\u00f1adi\u00f3.<\/p>\n<p>Hacia el final del programa, el jefe de Estado evalu\u00f3 que la cooperaci\u00f3n cubana en Salud por m\u00e1s de 60 a\u00f1os en 165 pa\u00edses, ha atendiendo a millones de personas y salvando vidas en situaciones de emergencia y desastres naturales.<\/p>\n<p>\u201cEn la mayor\u00eda de los casos \u2014dijo\u2014, no solo se brind\u00f3 esa cooperaci\u00f3n de forma gratuita mientras pudimos, sino que se garantiz\u00f3 su continuidad, formando escuelas para la preparaci\u00f3n de los recursos humanos locales\u201d.<\/p>\n<p><iframe title=\"Ep.27 | La verdad sobre los M\u00e9dicos Cubanos\" src=\"https:\/\/www.youtube.com\/embed\/5ONet9kgPos?list=PLT3nxYt6IACOUDVN2jsmuPEzU2ijBzlnD\" width=\"709\" height=\"399\" frameborder=\"0\" allowfullscreen=\"allowfullscreen\"><\/iframe><\/p>\n","protected":false},"excerpt":{"rendered":"<p>Los enemigos de la Revoluci\u00f3n no acaban de interiorizar la vocaci\u00f3n de servicio, desprendimiento, altruismo, que est\u00e1 en la base misma de las profesiones vinculadas a los servicios de Salud, consider\u00f3 este jueves el presidente de Cuba, Miguel D\u00edaz-Canel.<\/p>\n","protected":false},"author":22,"featured_media":45730,"comment_status":"open","ping_status":"open","sticky":false,"template":"","format":"standard","meta":{"_acf_changed":false,"footnotes":""},"categories":[8,3,5],"tags":[63,28,1812],"coauthors":[],"class_list":["post-45729","post","type-post","status-publish","format-standard","has-post-thumbnail","hentry","category-noticia","category-cuba","category-salud","tag-colaboracion-medica","tag-miguel-diaz-canel","tag-salud-cubana"],"acf":[],"_links":{"self":[{"href":"https:\/\/www.radiosanctispiritus.cu\/es\/wp-json\/wp\/v2\/posts\/45729","targetHints":{"allow":["GET"]}}],"collection":[{"href":"https:\/\/www.radiosanctispiritus.cu\/es\/wp-json\/wp\/v2\/posts"}],"about":[{"href":"https:\/\/www.radiosanctispiritus.cu\/es\/wp-json\/wp\/v2\/types\/post"}],"author":[{"embeddable":true,"href":"https:\/\/www.radiosanctispiritus.cu\/es\/wp-json\/wp\/v2\/users\/22"}],"replies":[{"embeddable":true,"href":"https:\/\/www.radiosanctispiritus.cu\/es\/wp-json\/wp\/v2\/comments?post=45729"}],"version-history":[{"count":0,"href":"https:\/\/www.radiosanctispiritus.cu\/es\/wp-json\/wp\/v2\/posts\/45729\/revisions"}],"wp:featuredmedia":[{"embeddable":true,"href":"https:\/\/www.radiosanctispiritus.cu\/es\/wp-json\/wp\/v2\/media\/45730"}],"wp:attachment":[{"href":"https:\/\/www.radiosanctispiritus.cu\/es\/wp-json\/wp\/v2\/media?parent=45729"}],"wp:term":[{"taxonomy":"category","embeddable":true,"href":"https:\/\/www.radiosanctispiritus.cu\/es\/wp-json\/wp\/v2\/categories?post=45729"},{"taxonomy":"post_tag","embeddable":true,"href":"https:\/\/www.radiosanctispiritus.cu\/es\/wp-json\/wp\/v2\/tags?post=45729"},{"taxonomy":"author","embeddable":true,"href":"https:\/\/www.radiosanctispiritus.cu\/es\/wp-json\/wp\/v2\/coauthors?post=45729"}],"curies":[{"name":"wp","href":"https:\/\/api.w.org\/{rel}","templated":true}]}}