{"id":45682,"date":"2025-04-17T08:53:18","date_gmt":"2025-04-17T12:53:18","guid":{"rendered":"https:\/\/www.radiosanctispiritus.cu\/es\/?p=45682"},"modified":"2025-04-17T13:50:29","modified_gmt":"2025-04-17T17:50:29","slug":"flora-y-fauna-sancti-spiritus-vanguardia-nacional-por-32-anos-consecutivos","status":"publish","type":"post","link":"https:\/\/www.radiosanctispiritus.cu\/es\/flora-y-fauna-sancti-spiritus-vanguardia-nacional-por-32-anos-consecutivos\/","title":{"rendered":"Flora y Fauna Sancti Sp\u00edritus, Vanguardia Nacional por 32 a\u00f1os consecutivos"},"content":{"rendered":"<p>Si de colectivos distinguidos en su integralidad se trata, las palmas para la Empresa Flora y Fauna Sancti Sp\u00edritus, que ratific\u00f3 por 32 a\u00f1os consecutivos la condici\u00f3n de Vanguardia Nacional.<\/p>\n<p>El Comandante de la Revoluci\u00f3n Guillermo Garc\u00eda Fr\u00edas, presidente del Grupo Empresarial Flora y Fauna ponder\u00f3 el quehacer de la entidad espirituana, que en m\u00e1s de tres d\u00e9cadas logra dividendos de privilegio en la preservaci\u00f3n del patrimonio natural, el fondo gen\u00e9tico vacuno y equino racial, el turismo de naturaleza y la producci\u00f3n agropecuaria en su integralidad.<\/p>\n<p>En la ceremonia, la Unidad Empresarial de Base Reserva Ecol\u00f3gica Lomas de Banao, fue reconocida como la mejor de Flora y Fauna Sancti Sp\u00edritus y ratificada como la de quehacer de conservaci\u00f3n m\u00e1s destacada del pa\u00eds.<\/p>\n<div id=\"attachment_45686\" style=\"width: 610px\" class=\"wp-caption aligncenter\"><img decoding=\"async\" aria-describedby=\"caption-attachment-45686\" class=\"size-medium wp-image-45686\" src=\"https:\/\/www.radiosanctispiritus.cu\/es\/wp-content\/uploads\/25-1-600x399.jpg\" alt=\"\" width=\"600\" height=\"399\" srcset=\"https:\/\/www.radiosanctispiritus.cu\/es\/wp-content\/uploads\/25-1-600x399.jpg 600w, https:\/\/www.radiosanctispiritus.cu\/es\/wp-content\/uploads\/25-1-1024x680.jpg 1024w, https:\/\/www.radiosanctispiritus.cu\/es\/wp-content\/uploads\/25-1-768x510.jpg 768w, https:\/\/www.radiosanctispiritus.cu\/es\/wp-content\/uploads\/25-1-1536x1020.jpg 1536w, https:\/\/www.radiosanctispiritus.cu\/es\/wp-content\/uploads\/25-1-2048x1361.jpg 2048w\" sizes=\"(max-width: 600px) 100vw, 600px\" \/><p id=\"caption-attachment-45686\" class=\"wp-caption-text\">La Unidad Empresarial de Base Reserva Ecol\u00f3gica Lomas de Banao, fue reconocida como la mejor de Flora y Fauna Sancti Sp\u00edritus.<\/p><\/div>\n<div id=\"attachment_45687\" style=\"width: 610px\" class=\"wp-caption aligncenter\"><img decoding=\"async\" aria-describedby=\"caption-attachment-45687\" class=\"size-medium wp-image-45687\" src=\"https:\/\/www.radiosanctispiritus.cu\/es\/wp-content\/uploads\/36-1-600x490.jpg\" alt=\"\" width=\"600\" height=\"490\" srcset=\"https:\/\/www.radiosanctispiritus.cu\/es\/wp-content\/uploads\/36-1-600x490.jpg 600w, https:\/\/www.radiosanctispiritus.cu\/es\/wp-content\/uploads\/36-1-1024x835.jpg 1024w, https:\/\/www.radiosanctispiritus.cu\/es\/wp-content\/uploads\/36-1-768x627.jpg 768w, https:\/\/www.radiosanctispiritus.cu\/es\/wp-content\/uploads\/36-1-1536x1253.jpg 1536w, https:\/\/www.radiosanctispiritus.cu\/es\/wp-content\/uploads\/36-1.jpg 1678w\" sizes=\"(max-width: 600px) 100vw, 600px\" \/><p id=\"caption-attachment-45687\" class=\"wp-caption-text\">El turismo de naturaleza es una de las fortalezas de Flora y Fauna Sancti Sp\u00edritus.<\/p><\/div>\n<div id=\"attachment_45690\" style=\"width: 610px\" class=\"wp-caption aligncenter\"><img decoding=\"async\" aria-describedby=\"caption-attachment-45690\" class=\"size-medium wp-image-45690\" src=\"https:\/\/www.radiosanctispiritus.cu\/es\/wp-content\/uploads\/46-1-600x523.jpg\" alt=\"\" width=\"600\" height=\"523\" srcset=\"https:\/\/www.radiosanctispiritus.cu\/es\/wp-content\/uploads\/46-1-600x523.jpg 600w, https:\/\/www.radiosanctispiritus.cu\/es\/wp-content\/uploads\/46-1-1024x893.jpg 1024w, https:\/\/www.radiosanctispiritus.cu\/es\/wp-content\/uploads\/46-1-768x670.jpg 768w, https:\/\/www.radiosanctispiritus.cu\/es\/wp-content\/uploads\/46-1-1536x1340.jpg 1536w, https:\/\/www.radiosanctispiritus.cu\/es\/wp-content\/uploads\/46-1-2048x1786.jpg 2048w\" sizes=\"(max-width: 600px) 100vw, 600px\" \/><p id=\"caption-attachment-45690\" class=\"wp-caption-text\">La preservaci\u00f3n del patrimonio natural es una de las distinciones de Flora y Fauna Sancti Sp\u00edritus.<\/p><\/div>\n<div id=\"attachment_45691\" style=\"width: 610px\" class=\"wp-caption aligncenter\"><img decoding=\"async\" aria-describedby=\"caption-attachment-45691\" class=\"size-medium wp-image-45691\" src=\"https:\/\/www.radiosanctispiritus.cu\/es\/wp-content\/uploads\/57-1-600x444.jpg\" alt=\"\" width=\"600\" height=\"444\" srcset=\"https:\/\/www.radiosanctispiritus.cu\/es\/wp-content\/uploads\/57-1-600x444.jpg 600w, https:\/\/www.radiosanctispiritus.cu\/es\/wp-content\/uploads\/57-1-1024x757.jpg 1024w, https:\/\/www.radiosanctispiritus.cu\/es\/wp-content\/uploads\/57-1-768x568.jpg 768w, https:\/\/www.radiosanctispiritus.cu\/es\/wp-content\/uploads\/57-1-1536x1136.jpg 1536w, https:\/\/www.radiosanctispiritus.cu\/es\/wp-content\/uploads\/57-1-2048x1514.jpg 2048w\" sizes=\"(max-width: 600px) 100vw, 600px\" \/><p id=\"caption-attachment-45691\" class=\"wp-caption-text\">Los resultados de la conservaci\u00f3n de la naturaleza est\u00e1 entre las fortalezas de Flora y Fauna Sancti Sp\u00edritus.<\/p><\/div>\n<div id=\"attachment_45692\" style=\"width: 610px\" class=\"wp-caption aligncenter\"><img decoding=\"async\" aria-describedby=\"caption-attachment-45692\" class=\"size-medium wp-image-45692\" src=\"https:\/\/www.radiosanctispiritus.cu\/es\/wp-content\/uploads\/610-1-600x464.jpg\" alt=\"\" width=\"600\" height=\"464\" srcset=\"https:\/\/www.radiosanctispiritus.cu\/es\/wp-content\/uploads\/610-1-600x464.jpg 600w, https:\/\/www.radiosanctispiritus.cu\/es\/wp-content\/uploads\/610-1-1024x791.jpg 1024w, https:\/\/www.radiosanctispiritus.cu\/es\/wp-content\/uploads\/610-1-768x594.jpg 768w, https:\/\/www.radiosanctispiritus.cu\/es\/wp-content\/uploads\/610-1-1536x1187.jpg 1536w, https:\/\/www.radiosanctispiritus.cu\/es\/wp-content\/uploads\/610-1-2048x1583.jpg 2048w\" sizes=\"(max-width: 600px) 100vw, 600px\" \/><p id=\"caption-attachment-45692\" class=\"wp-caption-text\">La recuperaci\u00f3n de frutales y la extensi\u00f3n de su producci\u00f3n es uno de los logros de la entidad.<\/p><\/div>\n<div id=\"attachment_45693\" style=\"width: 610px\" class=\"wp-caption aligncenter\"><img decoding=\"async\" aria-describedby=\"caption-attachment-45693\" class=\"size-medium wp-image-45693\" src=\"https:\/\/www.radiosanctispiritus.cu\/es\/wp-content\/uploads\/75-1-600x412.jpg\" alt=\"\" width=\"600\" height=\"412\" srcset=\"https:\/\/www.radiosanctispiritus.cu\/es\/wp-content\/uploads\/75-1-600x412.jpg 600w, https:\/\/www.radiosanctispiritus.cu\/es\/wp-content\/uploads\/75-1-1024x704.jpg 1024w, https:\/\/www.radiosanctispiritus.cu\/es\/wp-content\/uploads\/75-1-768x528.jpg 768w, https:\/\/www.radiosanctispiritus.cu\/es\/wp-content\/uploads\/75-1-1536x1056.jpg 1536w, https:\/\/www.radiosanctispiritus.cu\/es\/wp-content\/uploads\/75-1-2048x1408.jpg 2048w\" sizes=\"(max-width: 600px) 100vw, 600px\" \/><p id=\"caption-attachment-45693\" class=\"wp-caption-text\">El Comandante de la Revoluci\u00f3n Guillermo Garc\u00eda Fr\u00edas (I), presidente del Grupo Empresarial Flora y Fauna ponder\u00f3 el quehacer de la entidad espirituana.<\/p><\/div>\n","protected":false},"excerpt":{"rendered":"<p>El Comandante de la Revoluci\u00f3n Guillermo Garc\u00eda Fr\u00edas, presidente del Grupo Empresarial Flora y Fauna ponder\u00f3 el quehacer de la entidad espirituana, que en m\u00e1s de tres d\u00e9cadas logra dividendos de privilegio en la preservaci\u00f3n del patrimonio natural, el fondo gen\u00e9tico vacuno y equino racial, el turismo de naturaleza y la producci\u00f3n agropecuaria.<\/p>\n","protected":false},"author":15,"featured_media":45683,"comment_status":"open","ping_status":"open","sticky":false,"template":"","format":"standard","meta":{"_acf_changed":false,"footnotes":""},"categories":[8,11,1],"tags":[408,246],"coauthors":[],"class_list":["post-45682","post","type-post","status-publish","format-standard","has-post-thumbnail","hentry","category-noticia","category-fotorreportaje","category-sancti-spiritus","tag-ctc","tag-flora-y-fauna"],"acf":[],"_links":{"self":[{"href":"https:\/\/www.radiosanctispiritus.cu\/es\/wp-json\/wp\/v2\/posts\/45682","targetHints":{"allow":["GET"]}}],"collection":[{"href":"https:\/\/www.radiosanctispiritus.cu\/es\/wp-json\/wp\/v2\/posts"}],"about":[{"href":"https:\/\/www.radiosanctispiritus.cu\/es\/wp-json\/wp\/v2\/types\/post"}],"author":[{"embeddable":true,"href":"https:\/\/www.radiosanctispiritus.cu\/es\/wp-json\/wp\/v2\/users\/15"}],"replies":[{"embeddable":true,"href":"https:\/\/www.radiosanctispiritus.cu\/es\/wp-json\/wp\/v2\/comments?post=45682"}],"version-history":[{"count":0,"href":"https:\/\/www.radiosanctispiritus.cu\/es\/wp-json\/wp\/v2\/posts\/45682\/revisions"}],"wp:featuredmedia":[{"embeddable":true,"href":"https:\/\/www.radiosanctispiritus.cu\/es\/wp-json\/wp\/v2\/media\/45683"}],"wp:attachment":[{"href":"https:\/\/www.radiosanctispiritus.cu\/es\/wp-json\/wp\/v2\/media?parent=45682"}],"wp:term":[{"taxonomy":"category","embeddable":true,"href":"https:\/\/www.radiosanctispiritus.cu\/es\/wp-json\/wp\/v2\/categories?post=45682"},{"taxonomy":"post_tag","embeddable":true,"href":"https:\/\/www.radiosanctispiritus.cu\/es\/wp-json\/wp\/v2\/tags?post=45682"},{"taxonomy":"author","embeddable":true,"href":"https:\/\/www.radiosanctispiritus.cu\/es\/wp-json\/wp\/v2\/coauthors?post=45682"}],"curies":[{"name":"wp","href":"https:\/\/api.w.org\/{rel}","templated":true}]}}