{"id":45658,"date":"2025-04-16T13:06:06","date_gmt":"2025-04-16T17:06:06","guid":{"rendered":"https:\/\/www.radiosanctispiritus.cu\/es\/?p=45658"},"modified":"2025-04-16T13:06:06","modified_gmt":"2025-04-16T17:06:06","slug":"ratifica-cuba-caracter-socialista-de-la-revolucion","status":"publish","type":"post","link":"https:\/\/www.radiosanctispiritus.cu\/es\/ratifica-cuba-caracter-socialista-de-la-revolucion\/","title":{"rendered":"Ratifica Cuba car\u00e1cter socialista de la Revoluci\u00f3n"},"content":{"rendered":"<p>Cientos de cubanos confirmaron este mi\u00e9rcoles su apoyo y compromiso con la Revoluci\u00f3n cubana, en el aniversario 64 de la proclamaci\u00f3n de su car\u00e1cter socialista.<\/p>\n<p>Entre pancartas y v\u00edtores el pueblo estuvo presente desde las primeras horas de la ma\u00f1ana, ante la convocatoria antimperialista.<\/p>\n<p>El 16 de abril de 1961 el l\u00edder hist\u00f3rico de la revoluci\u00f3n cubana Fidel Castro proclam\u00f3 el car\u00e1cter socialista del proceso iniciado el 1 de enero de 1959, en las honras f\u00fanebres de las v\u00edctimas de los bombardeos estadounidenses contra las bases a\u00e9reas de Ciudad Libertad, San Antonio de los Ba\u00f1os y Santiago de Cuba.<\/p>\n<p>En la capitalina esquina de 23 y 12, celebraron el acto encabezado por el presidente de Cuba, Miguel D\u00edaz-Canel.<\/p>\n<p>En su intervenci\u00f3n Mery Leydi Torres defendi\u00f3 la medicina cubana, ante los recientes ataques del gobierno estadounidense en contra de su reputaci\u00f3n.<\/p>\n<p>\u00abLa revoluci\u00f3n socialista cubana transform\u00f3 la salud en un derecho fundamental, no en un privilegio; gracias a ella formamos m\u00e9dicos con un profundo sentido humanista y llevamos ayuda a los m\u00e1s necesitados en cualquier regi\u00f3n del mundo\u00bb, expres\u00f3 la doctora Torres.<\/p>\n<p>Las palabras centrales de la tribuna antimperialista las pronunci\u00f3 Liv\u00e1n Izquierdo, Miembro del Comit\u00e9 Central del Partido Comunista de Cuba (PCC), quien record\u00f3 que esta proclamaci\u00f3n fue el resultado de un proceso de transformaciones y la respuesta del pueblo cubano ante agresiones del imperialismo.<\/p>\n<p>Destac\u00f3 adem\u00e1s la importancia del PCC y su legado revolucionario a pesar de los desaf\u00edos como el bloqueo y las agresiones de la Casa Blanca, y subray\u00f3 la necesidad de unidad y la implementaci\u00f3n de pol\u00edticas econ\u00f3micas para construir un socialismo pr\u00f3spero.<\/p>\n<p>En este escenario tambi\u00e9n se rindi\u00f3 homenaje a la victoria del pueblo cubano sobre el imperialismo yanqui en Playa Gir\u00f3n, el 19 de abril de 1961.<\/p>\n","protected":false},"excerpt":{"rendered":"<p>Cientos de cubanos confirmaron este mi\u00e9rcoles su apoyo y compromiso con la Revoluci\u00f3n cubana, en el aniversario 64 de la proclamaci\u00f3n de su car\u00e1cter socialista.<\/p>\n","protected":false},"author":22,"featured_media":45659,"comment_status":"open","ping_status":"open","sticky":false,"template":"","format":"standard","meta":{"_acf_changed":false,"footnotes":""},"categories":[8,3],"tags":[1155,74,52],"coauthors":[],"class_list":["post-45658","post","type-post","status-publish","format-standard","has-post-thumbnail","hentry","category-noticia","category-cuba","tag-giron","tag-partido-comunista-de-cuba","tag-revolucion-cubana"],"acf":[],"_links":{"self":[{"href":"https:\/\/www.radiosanctispiritus.cu\/es\/wp-json\/wp\/v2\/posts\/45658","targetHints":{"allow":["GET"]}}],"collection":[{"href":"https:\/\/www.radiosanctispiritus.cu\/es\/wp-json\/wp\/v2\/posts"}],"about":[{"href":"https:\/\/www.radiosanctispiritus.cu\/es\/wp-json\/wp\/v2\/types\/post"}],"author":[{"embeddable":true,"href":"https:\/\/www.radiosanctispiritus.cu\/es\/wp-json\/wp\/v2\/users\/22"}],"replies":[{"embeddable":true,"href":"https:\/\/www.radiosanctispiritus.cu\/es\/wp-json\/wp\/v2\/comments?post=45658"}],"version-history":[{"count":0,"href":"https:\/\/www.radiosanctispiritus.cu\/es\/wp-json\/wp\/v2\/posts\/45658\/revisions"}],"wp:featuredmedia":[{"embeddable":true,"href":"https:\/\/www.radiosanctispiritus.cu\/es\/wp-json\/wp\/v2\/media\/45659"}],"wp:attachment":[{"href":"https:\/\/www.radiosanctispiritus.cu\/es\/wp-json\/wp\/v2\/media?parent=45658"}],"wp:term":[{"taxonomy":"category","embeddable":true,"href":"https:\/\/www.radiosanctispiritus.cu\/es\/wp-json\/wp\/v2\/categories?post=45658"},{"taxonomy":"post_tag","embeddable":true,"href":"https:\/\/www.radiosanctispiritus.cu\/es\/wp-json\/wp\/v2\/tags?post=45658"},{"taxonomy":"author","embeddable":true,"href":"https:\/\/www.radiosanctispiritus.cu\/es\/wp-json\/wp\/v2\/coauthors?post=45658"}],"curies":[{"name":"wp","href":"https:\/\/api.w.org\/{rel}","templated":true}]}}