{"id":45568,"date":"2025-04-15T05:07:25","date_gmt":"2025-04-15T09:07:25","guid":{"rendered":"https:\/\/www.radiosanctispiritus.cu\/es\/?p=45568"},"modified":"2025-04-15T01:27:25","modified_gmt":"2025-04-15T05:27:25","slug":"promueven-variantes-de-empleo-para-personas-sin-vinculo-laboral","status":"publish","type":"post","link":"https:\/\/www.radiosanctispiritus.cu\/es\/promueven-variantes-de-empleo-para-personas-sin-vinculo-laboral\/","title":{"rendered":"Promueven variantes de empleo para personas sin v\u00ednculo laboral"},"content":{"rendered":"<p>Como parte del Proyecto de Gesti\u00f3n y Acceso a Empleo de Calidad en el pa\u00eds, la Direcci\u00f3n Provincial de Trabajo y Seguridad Social de Sancti Sp\u00edritus fomenta variantes de ocupaci\u00f3n para las personas sin v\u00ednculo laboral, de acuerdo con el Jefe del Departamento de Empleo en la Entidad Provincial, Orelvis Chaviano Candelario.<\/p>\n<p>\u00abNosotros tenemos cuatro tipos de formas fundamentales para la generaci\u00f3n de empleo, que es a trav\u00e9s de la entrega de tierras o sufruto, a trav\u00e9s de los proyectos de desarrollo local, el proyecto de las MYPIME y las procesos de inversi\u00f3n. Por este concepto, nosotros mayormente hemos ubicado personas vinculadas en la entrega de tierras o sufruto y a trav\u00e9s del desarrollo de las MYPIME. Pudimos ubicar a trav\u00e9s de la Feria de Empleo Provincial 551 personas.\u00bb<\/p>\n<p>La presencia de nuevos actores econ\u00f3micos favorece que la mayor generaci\u00f3n de empleos sea en el sector estatal, asegur\u00f3 el directivo.<\/p>\n<p>\u00abHoy tenemos condiciones en la provincia para emplear a cualquier tipo de persona por la necesidad que tenemos de las fuerzas de trabajo en los diferentes sectores, sobre todo en el sector de la salud, que est\u00e1n deteriorados con relaci\u00f3n al completamiento de su fuerza laboral, adem\u00e1s de otros sectores que necesitan la incorporaci\u00f3n de fuerzas laborales. Hoy a trav\u00e9s de todas las direcciones municipales de trabajo hay empleo, lo que pasa es que las personas tienen que dirigirse ah\u00ed para buscar la mejor soluci\u00f3n para la forma de emplearse.\u00bb<\/p>\n<p><iframe src=\"https:\/\/www.ivoox.com\/player_ej_144968149_6_1.html?c1=7a0d0b\" width=\"100%\" height=\"200\" frameborder=\"0\" allowfullscreen=\"\" scrolling=\"no\" loading=\"lazy\"><\/iframe><\/p>\n","protected":false},"excerpt":{"rendered":"<p>Como parte del Proyecto de Gesti\u00f3n y Acceso a Empleo de Calidad en el pa\u00eds, la Direcci\u00f3n Provincial de Trabajo y Seguridad Social de Sancti Sp\u00edritus fomenta variantes de ocupaci\u00f3n para las personas sin v\u00ednculo laboral, de acuerdo con el Jefe del Departamento de Empleo en la Entidad Provincial, Orelvis Chaviano Candelario.<\/p>\n","protected":false},"author":173,"featured_media":39023,"comment_status":"open","ping_status":"open","sticky":false,"template":"","format":"standard","meta":{"_acf_changed":false,"footnotes":""},"categories":[9,1],"tags":[1568,578],"coauthors":[],"class_list":["post-45568","post","type-post","status-publish","format-standard","has-post-thumbnail","hentry","category-en-audio","category-sancti-spiritus","tag-empleos","tag-trabajo"],"acf":[],"_links":{"self":[{"href":"https:\/\/www.radiosanctispiritus.cu\/es\/wp-json\/wp\/v2\/posts\/45568","targetHints":{"allow":["GET"]}}],"collection":[{"href":"https:\/\/www.radiosanctispiritus.cu\/es\/wp-json\/wp\/v2\/posts"}],"about":[{"href":"https:\/\/www.radiosanctispiritus.cu\/es\/wp-json\/wp\/v2\/types\/post"}],"author":[{"embeddable":true,"href":"https:\/\/www.radiosanctispiritus.cu\/es\/wp-json\/wp\/v2\/users\/173"}],"replies":[{"embeddable":true,"href":"https:\/\/www.radiosanctispiritus.cu\/es\/wp-json\/wp\/v2\/comments?post=45568"}],"version-history":[{"count":0,"href":"https:\/\/www.radiosanctispiritus.cu\/es\/wp-json\/wp\/v2\/posts\/45568\/revisions"}],"wp:featuredmedia":[{"embeddable":true,"href":"https:\/\/www.radiosanctispiritus.cu\/es\/wp-json\/wp\/v2\/media\/39023"}],"wp:attachment":[{"href":"https:\/\/www.radiosanctispiritus.cu\/es\/wp-json\/wp\/v2\/media?parent=45568"}],"wp:term":[{"taxonomy":"category","embeddable":true,"href":"https:\/\/www.radiosanctispiritus.cu\/es\/wp-json\/wp\/v2\/categories?post=45568"},{"taxonomy":"post_tag","embeddable":true,"href":"https:\/\/www.radiosanctispiritus.cu\/es\/wp-json\/wp\/v2\/tags?post=45568"},{"taxonomy":"author","embeddable":true,"href":"https:\/\/www.radiosanctispiritus.cu\/es\/wp-json\/wp\/v2\/coauthors?post=45568"}],"curies":[{"name":"wp","href":"https:\/\/api.w.org\/{rel}","templated":true}]}}