{"id":45567,"date":"2025-04-15T04:25:04","date_gmt":"2025-04-15T08:25:04","guid":{"rendered":"https:\/\/www.radiosanctispiritus.cu\/es\/?p=45567"},"modified":"2025-04-14T22:14:24","modified_gmt":"2025-04-15T02:14:24","slug":"biblioteca-espirituana-acoge-exposicion-concepto-de-vida","status":"publish","type":"post","link":"https:\/\/www.radiosanctispiritus.cu\/es\/biblioteca-espirituana-acoge-exposicion-concepto-de-vida\/","title":{"rendered":"Biblioteca espirituana acoge exposici\u00f3n Concepto de vida"},"content":{"rendered":"<p>Concepto de vida del artista Carlos Manuel P\u00e9rez L\u00f3pez Brunet incluye 10 obras y 2 instalaciones. Todas se muestran en la sala de arte de la Biblioteca Provincial Rub\u00e9n Mart\u00ednez Villena de Sancti Sp\u00edritus.<\/p>\n<p>\u00abMediante las tonalidades de los blancos y negros, los sepias, colores m\u00e1s bien oscuros, porque todo el significado que conlleva la exposici\u00f3n es sobre ese tr\u00e1nsito.\u00bb<\/p>\n<p>El t\u00edtulo de la exposici\u00f3n tiene un significado muy personal.<\/p>\n<p>\u00abPartiendo del principio fundamental de que la vida es un concepto, ya sea por un sinn\u00famero de acciones o creencias que nosotros mismos podemos categorizar y todo lo que sea categorizable y sea definible se puede hacer, se puede llamar concepto, porque la exposici\u00f3n en cada fotograf\u00eda muestra, valga la redundancia, un concepto, ya sea el concepto del tiempo, de las personas, el concepto de nuestras mismas creencias, ya sean religiosas o personales, el concepto del desarrollo personal, del crecimiento. O sea, son varios aspectos que todos juntos forman un concepto de vida que el espectador puede sentirse identificado con la obra.\u00bb<\/p>\n<p>Carlos Manuel P\u00e9rez L\u00f3pez Brunet guarda en el tintero otras muchas sorpresas.<\/p>\n<p>\u00abEntonces, partiendo de que la fotograf\u00eda es el arte de inmortalizar el momento, me gust\u00f3 hacer esa referencia para inmortalizar estos momentos de la vida. Exposiciones, la uni\u00f3n, la galer\u00eda, s\u00ed, seguir desarrollando el arte instalativo.\u00bb<\/p>\n<p><iframe src=\"https:\/\/www.ivoox.com\/player_ej_144968148_6_1.html?c1=7a0d0b\" width=\"100%\" height=\"200\" frameborder=\"0\" allowfullscreen=\"\" scrolling=\"no\" loading=\"lazy\"><\/iframe><\/p>\n","protected":false},"excerpt":{"rendered":"<p>Concepto de vida del artista Carlos Manuel P\u00e9rez L\u00f3pez Brunet incluye 10 obras y 2 instalaciones. Todas se muestran en la sala de arte de la Biblioteca Provincial Rub\u00e9n Mart\u00ednez Villena de Sancti Sp\u00edritus.<\/p>\n","protected":false},"author":12,"featured_media":20168,"comment_status":"open","ping_status":"open","sticky":false,"template":"","format":"standard","meta":{"_acf_changed":false,"footnotes":""},"categories":[6,9,1],"tags":[639,1838],"coauthors":[],"class_list":["post-45567","post","type-post","status-publish","format-standard","has-post-thumbnail","hentry","category-cultura","category-en-audio","category-sancti-spiritus","tag-biblioteca","tag-exposicion"],"acf":[],"_links":{"self":[{"href":"https:\/\/www.radiosanctispiritus.cu\/es\/wp-json\/wp\/v2\/posts\/45567","targetHints":{"allow":["GET"]}}],"collection":[{"href":"https:\/\/www.radiosanctispiritus.cu\/es\/wp-json\/wp\/v2\/posts"}],"about":[{"href":"https:\/\/www.radiosanctispiritus.cu\/es\/wp-json\/wp\/v2\/types\/post"}],"author":[{"embeddable":true,"href":"https:\/\/www.radiosanctispiritus.cu\/es\/wp-json\/wp\/v2\/users\/12"}],"replies":[{"embeddable":true,"href":"https:\/\/www.radiosanctispiritus.cu\/es\/wp-json\/wp\/v2\/comments?post=45567"}],"version-history":[{"count":0,"href":"https:\/\/www.radiosanctispiritus.cu\/es\/wp-json\/wp\/v2\/posts\/45567\/revisions"}],"wp:featuredmedia":[{"embeddable":true,"href":"https:\/\/www.radiosanctispiritus.cu\/es\/wp-json\/wp\/v2\/media\/20168"}],"wp:attachment":[{"href":"https:\/\/www.radiosanctispiritus.cu\/es\/wp-json\/wp\/v2\/media?parent=45567"}],"wp:term":[{"taxonomy":"category","embeddable":true,"href":"https:\/\/www.radiosanctispiritus.cu\/es\/wp-json\/wp\/v2\/categories?post=45567"},{"taxonomy":"post_tag","embeddable":true,"href":"https:\/\/www.radiosanctispiritus.cu\/es\/wp-json\/wp\/v2\/tags?post=45567"},{"taxonomy":"author","embeddable":true,"href":"https:\/\/www.radiosanctispiritus.cu\/es\/wp-json\/wp\/v2\/coauthors?post=45567"}],"curies":[{"name":"wp","href":"https:\/\/api.w.org\/{rel}","templated":true}]}}