{"id":45148,"date":"2025-04-08T11:10:25","date_gmt":"2025-04-08T15:10:25","guid":{"rendered":"https:\/\/www.radiosanctispiritus.cu\/es\/?p=45148"},"modified":"2025-04-08T20:10:49","modified_gmt":"2025-04-09T00:10:49","slug":"reconocen-en-sancti-spiritus-a-trabajadores-del-sector-de-la-pesca","status":"publish","type":"post","link":"https:\/\/www.radiosanctispiritus.cu\/es\/reconocen-en-sancti-spiritus-a-trabajadores-del-sector-de-la-pesca\/","title":{"rendered":"Reconocen en Sancti Sp\u00edritus a trabajadores del sector de la pesca (+ fotos)"},"content":{"rendered":"<p>Trabajadores destacados del sector pesquero fueron reconocidos con la distinci\u00f3n Aracelio Iglesias en Acto Nacional, con sede en la provincia de Sancti Sp\u00edritus.<\/p>\n<p>Lejos a\u00fan de satisfacer las demandas de la poblaci\u00f3n, el sector de la pesca en Cuba prev\u00e9 en el actual calendario un crecimiento de la producci\u00f3n, a partir de un mejor aseguramiento de recursos, de la b\u00fasqueda constante de alternativas y de los encadenamientos con otras entidades y formas de gesti\u00f3n.<\/p>\n<p>   Consciente de su importancia para el consumo social y la comercializaci\u00f3n en la red de pescader\u00edas del pa\u00eds, Alberto L\u00f3pez D\u00edaz, ministro de la Industria Alimentaria, destac\u00f3 hoy, tras la celebraci\u00f3n en esta ciudad del acto nacional por el d\u00eda del trabajador de la Industria Pesquera, la significaci\u00f3n que tiene para el pa\u00eds el aumento de la actividad acu\u00edcola.<\/p>\n<div id=\"attachment_45150\" style=\"width: 610px\" class=\"wp-caption aligncenter\"><img decoding=\"async\" aria-describedby=\"caption-attachment-45150\" class=\"size-medium wp-image-45150\" src=\"https:\/\/www.radiosanctispiritus.cu\/es\/wp-content\/uploads\/Pesca-1-Oscar-600x600.jpg\" alt=\"\" width=\"600\" height=\"600\" srcset=\"https:\/\/www.radiosanctispiritus.cu\/es\/wp-content\/uploads\/Pesca-1-Oscar-600x600.jpg 600w, https:\/\/www.radiosanctispiritus.cu\/es\/wp-content\/uploads\/Pesca-1-Oscar-1024x1024.jpg 1024w, https:\/\/www.radiosanctispiritus.cu\/es\/wp-content\/uploads\/Pesca-1-Oscar-80x80.jpg 80w, https:\/\/www.radiosanctispiritus.cu\/es\/wp-content\/uploads\/Pesca-1-Oscar-768x768.jpg 768w, https:\/\/www.radiosanctispiritus.cu\/es\/wp-content\/uploads\/Pesca-1-Oscar-150x150.jpg 150w, https:\/\/www.radiosanctispiritus.cu\/es\/wp-content\/uploads\/Pesca-1-Oscar.jpg 1080w\" sizes=\"(max-width: 600px) 100vw, 600px\" \/><p id=\"caption-attachment-45150\" class=\"wp-caption-text\">Foto: Oscar Alfonso Sosa.<\/p><\/div>\n<div id=\"attachment_45151\" style=\"width: 610px\" class=\"wp-caption aligncenter\"><img decoding=\"async\" aria-describedby=\"caption-attachment-45151\" class=\"size-medium wp-image-45151\" src=\"https:\/\/www.radiosanctispiritus.cu\/es\/wp-content\/uploads\/Pesca-2-Oscar-600x600.jpg\" alt=\"\" width=\"600\" height=\"600\" srcset=\"https:\/\/www.radiosanctispiritus.cu\/es\/wp-content\/uploads\/Pesca-2-Oscar-600x600.jpg 600w, https:\/\/www.radiosanctispiritus.cu\/es\/wp-content\/uploads\/Pesca-2-Oscar-1024x1024.jpg 1024w, https:\/\/www.radiosanctispiritus.cu\/es\/wp-content\/uploads\/Pesca-2-Oscar-80x80.jpg 80w, https:\/\/www.radiosanctispiritus.cu\/es\/wp-content\/uploads\/Pesca-2-Oscar-768x768.jpg 768w, https:\/\/www.radiosanctispiritus.cu\/es\/wp-content\/uploads\/Pesca-2-Oscar-150x150.jpg 150w, https:\/\/www.radiosanctispiritus.cu\/es\/wp-content\/uploads\/Pesca-2-Oscar.jpg 1080w\" sizes=\"(max-width: 600px) 100vw, 600px\" \/><p id=\"caption-attachment-45151\" class=\"wp-caption-text\">Foto: Oscar Alfonso Sosa.<\/p><\/div>\n<p>Insisti\u00f3 en que entre las prioridades tambi\u00e9n est\u00e1 impulsar la captura del camar\u00f3n marino, lo cual posibilitar\u00e1, en un primer momento, aumentar los niveles de exportaci\u00f3n y, con ello, asegurar recursos y materias primas que se reviertan en la satisfacci\u00f3n de las necesidades de las diferentes empresas y en su propio desarrollo.<\/p>\n<p>   El a\u00f1o pasado, por ejemplo, dejamos de capturar m\u00e1s de cinco mil toneladas de especies de escamas y otro volumen de langosta por falta de combustible, detall\u00f3, pero ahora estamos previendo un mayor aseguramiento, adem\u00e1s de la recuperaci\u00f3n de cuatro granjas dedicadas al cultivo del camar\u00f3n, una de ellas en este territorio.<\/p>\n<div id=\"attachment_45152\" style=\"width: 610px\" class=\"wp-caption aligncenter\"><img decoding=\"async\" aria-describedby=\"caption-attachment-45152\" class=\"size-medium wp-image-45152\" src=\"https:\/\/www.radiosanctispiritus.cu\/es\/wp-content\/uploads\/Pesca-4-Oscar-600x600.jpg\" alt=\"\" width=\"600\" height=\"600\" srcset=\"https:\/\/www.radiosanctispiritus.cu\/es\/wp-content\/uploads\/Pesca-4-Oscar-600x600.jpg 600w, https:\/\/www.radiosanctispiritus.cu\/es\/wp-content\/uploads\/Pesca-4-Oscar-1024x1024.jpg 1024w, https:\/\/www.radiosanctispiritus.cu\/es\/wp-content\/uploads\/Pesca-4-Oscar-80x80.jpg 80w, https:\/\/www.radiosanctispiritus.cu\/es\/wp-content\/uploads\/Pesca-4-Oscar-768x768.jpg 768w, https:\/\/www.radiosanctispiritus.cu\/es\/wp-content\/uploads\/Pesca-4-Oscar-150x150.jpg 150w, https:\/\/www.radiosanctispiritus.cu\/es\/wp-content\/uploads\/Pesca-4-Oscar.jpg 1080w\" sizes=\"(max-width: 600px) 100vw, 600px\" \/><p id=\"caption-attachment-45152\" class=\"wp-caption-text\">Foto: Oscar Alfonso Sosa.<\/p><\/div>\n<div id=\"attachment_45153\" style=\"width: 610px\" class=\"wp-caption aligncenter\"><img decoding=\"async\" aria-describedby=\"caption-attachment-45153\" class=\"size-medium wp-image-45153\" src=\"https:\/\/www.radiosanctispiritus.cu\/es\/wp-content\/uploads\/Pesca-3-Oscar-600x600.jpg\" alt=\"\" width=\"600\" height=\"600\" srcset=\"https:\/\/www.radiosanctispiritus.cu\/es\/wp-content\/uploads\/Pesca-3-Oscar-600x600.jpg 600w, https:\/\/www.radiosanctispiritus.cu\/es\/wp-content\/uploads\/Pesca-3-Oscar-1024x1024.jpg 1024w, https:\/\/www.radiosanctispiritus.cu\/es\/wp-content\/uploads\/Pesca-3-Oscar-80x80.jpg 80w, https:\/\/www.radiosanctispiritus.cu\/es\/wp-content\/uploads\/Pesca-3-Oscar-768x768.jpg 768w, https:\/\/www.radiosanctispiritus.cu\/es\/wp-content\/uploads\/Pesca-3-Oscar-150x150.jpg 150w, https:\/\/www.radiosanctispiritus.cu\/es\/wp-content\/uploads\/Pesca-3-Oscar.jpg 1080w\" sizes=\"(max-width: 600px) 100vw, 600px\" \/><p id=\"caption-attachment-45153\" class=\"wp-caption-text\">Foto: Oscar Alfonso Sosa.<\/p><\/div>\n<p>Como parte del acto nacional por el 8 de abril, la Empresa Pesquera Sancti Sp\u00edritus recibi\u00f3 la Bandera de Colectivo Vanguardia Nacional y el reconocimiento como la entidad m\u00e1s integral del pa\u00eds, gracias a la cohesi\u00f3n y consagraci\u00f3n de sus unidades, a la diversificaci\u00f3n de sus producciones y a la eficiencia de sus procesos.<\/p>\n<p>   Trabajadores con medio siglo en el sector merecieron el Sello Cincuentenario; en tanto, otros con 20 y 25 a\u00f1os fueron agasajados con la distinci\u00f3n Aracelio Iglesias y dos espirituanos -Luz Maritza Rodr\u00edguez Gonz\u00e1lez y Jos\u00e9 Alberto Rodr\u00edguez Gonz\u00e1lez- se ganaron los aplausos de todos por la obra de una vida dedicada a esta rama.<\/p>\n<p>   Jorge Luis Fajardo Casas, secretario nacional del Sindicato de la Industria Alimentaria y la Pesca, signific\u00f3 en la conmemoraci\u00f3n que esta esfera est\u00e1 indisolublemente ligada a la historia del Revoluci\u00f3n, pues lo que antes de 1959 era un pobre y oprimido segmento de la poblaci\u00f3n, despu\u00e9s del triunfo de los barbudos se convirti\u00f3 en un sector con objetivos claros y una digna labor.<\/p>\n<div id=\"attachment_45154\" style=\"width: 610px\" class=\"wp-caption aligncenter\"><img decoding=\"async\" aria-describedby=\"caption-attachment-45154\" class=\"size-medium wp-image-45154\" src=\"https:\/\/www.radiosanctispiritus.cu\/es\/wp-content\/uploads\/Pesca-5-Oscar-600x600.jpg\" alt=\"\" width=\"600\" height=\"600\" srcset=\"https:\/\/www.radiosanctispiritus.cu\/es\/wp-content\/uploads\/Pesca-5-Oscar-600x600.jpg 600w, https:\/\/www.radiosanctispiritus.cu\/es\/wp-content\/uploads\/Pesca-5-Oscar-1024x1024.jpg 1024w, https:\/\/www.radiosanctispiritus.cu\/es\/wp-content\/uploads\/Pesca-5-Oscar-80x80.jpg 80w, https:\/\/www.radiosanctispiritus.cu\/es\/wp-content\/uploads\/Pesca-5-Oscar-768x768.jpg 768w, https:\/\/www.radiosanctispiritus.cu\/es\/wp-content\/uploads\/Pesca-5-Oscar-150x150.jpg 150w, https:\/\/www.radiosanctispiritus.cu\/es\/wp-content\/uploads\/Pesca-5-Oscar.jpg 1080w\" sizes=\"(max-width: 600px) 100vw, 600px\" \/><p id=\"caption-attachment-45154\" class=\"wp-caption-text\">Foto: Oscar Alfonso Sosa.<\/p><\/div>\n<p>Entre los retos para el presente a\u00f1o, el dirigente sindical mencion\u00f3, a su vez, la mejora constante de la atenci\u00f3n a los hombres y mujeres del gremio, la aplicaci\u00f3n correcta de los sistemas de pago para propiciar el aumento de los niveles productivos y la permanencia en los colectivos, la capacitaci\u00f3n y la vinculaci\u00f3n en la base de los resultados cient\u00edficos.<\/p>\n<p>   En medio de dificultades de todo tipo, los que aqu\u00ed laboran NO han dejado de salir al mar, a los embalses, de impulsar la industria, se\u00f1al\u00f3 Fajardo Casas, quien convoc\u00f3 a todos -y, de manera especial, a los trabajadores- a expresar este Primero de Mayo la firmeza que caracteriza a la Isla.<\/p>\n<p>   Al t\u00e9rmino del acto, el titular del sector, acompa\u00f1ado de directivos de la rama en esta regi\u00f3n central, recorrieron algunos centros de la Industria Alimentaria.<\/p>\n<p>&nbsp;<\/p>\n","protected":false},"excerpt":{"rendered":"<p>Trabajadores destacados del sector pesquero fueron reconocidos en el Acto Nacional de esa rama, con sede en la provincia de Sancti Sp\u00edritus.<\/p>\n","protected":false},"author":15,"featured_media":45149,"comment_status":"open","ping_status":"open","sticky":false,"template":"","format":"standard","meta":{"_acf_changed":false,"footnotes":""},"categories":[8,1],"tags":[758,1341],"coauthors":[],"class_list":["post-45148","post","type-post","status-publish","format-standard","has-post-thumbnail","hentry","category-noticia","category-sancti-spiritus","tag-pesca","tag-pescapir"],"acf":[],"_links":{"self":[{"href":"https:\/\/www.radiosanctispiritus.cu\/es\/wp-json\/wp\/v2\/posts\/45148","targetHints":{"allow":["GET"]}}],"collection":[{"href":"https:\/\/www.radiosanctispiritus.cu\/es\/wp-json\/wp\/v2\/posts"}],"about":[{"href":"https:\/\/www.radiosanctispiritus.cu\/es\/wp-json\/wp\/v2\/types\/post"}],"author":[{"embeddable":true,"href":"https:\/\/www.radiosanctispiritus.cu\/es\/wp-json\/wp\/v2\/users\/15"}],"replies":[{"embeddable":true,"href":"https:\/\/www.radiosanctispiritus.cu\/es\/wp-json\/wp\/v2\/comments?post=45148"}],"version-history":[{"count":0,"href":"https:\/\/www.radiosanctispiritus.cu\/es\/wp-json\/wp\/v2\/posts\/45148\/revisions"}],"wp:featuredmedia":[{"embeddable":true,"href":"https:\/\/www.radiosanctispiritus.cu\/es\/wp-json\/wp\/v2\/media\/45149"}],"wp:attachment":[{"href":"https:\/\/www.radiosanctispiritus.cu\/es\/wp-json\/wp\/v2\/media?parent=45148"}],"wp:term":[{"taxonomy":"category","embeddable":true,"href":"https:\/\/www.radiosanctispiritus.cu\/es\/wp-json\/wp\/v2\/categories?post=45148"},{"taxonomy":"post_tag","embeddable":true,"href":"https:\/\/www.radiosanctispiritus.cu\/es\/wp-json\/wp\/v2\/tags?post=45148"},{"taxonomy":"author","embeddable":true,"href":"https:\/\/www.radiosanctispiritus.cu\/es\/wp-json\/wp\/v2\/coauthors?post=45148"}],"curies":[{"name":"wp","href":"https:\/\/api.w.org\/{rel}","templated":true}]}}