{"id":44492,"date":"2025-03-26T22:10:42","date_gmt":"2025-03-27T02:10:42","guid":{"rendered":"https:\/\/www.radiosanctispiritus.cu\/es\/?p=44492"},"modified":"2025-03-26T22:15:57","modified_gmt":"2025-03-27T02:15:57","slug":"alberto-delgado-el-homenaje-imprescindible","status":"publish","type":"post","link":"https:\/\/www.radiosanctispiritus.cu\/es\/alberto-delgado-el-homenaje-imprescindible\/","title":{"rendered":"Alberto Delgado, el homenaje imprescindible"},"content":{"rendered":"<p>El tributo este 26 de marzo se inscribe con nombre propio: Alberto Delgado.<\/p>\n<p>Y sucede que en el escenario donde se levanta el monumento erigido a su memoria, el mismo lugar donde fue vilmente asesinado el 29 de abril de 1964 por la banda contrarrevolucionaria de Cheito Le\u00f3n, el Hombre de Maisinic\u00fa recibi\u00f3 el homenaje imprescindible.<\/p>\n<p>El motivo, el aniversario 66 de la fundaci\u00f3n de los \u00d3rganos de la Seguridad del Estado.<\/p>\n<div id=\"attachment_44496\" style=\"width: 610px\" class=\"wp-caption aligncenter\"><img decoding=\"async\" aria-describedby=\"caption-attachment-44496\" class=\"size-medium wp-image-44496\" src=\"https:\/\/www.radiosanctispiritus.cu\/es\/wp-content\/uploads\/Enano-1-600x510.jpg\" alt=\"\" width=\"600\" height=\"510\" srcset=\"https:\/\/www.radiosanctispiritus.cu\/es\/wp-content\/uploads\/Enano-1-600x510.jpg 600w, https:\/\/www.radiosanctispiritus.cu\/es\/wp-content\/uploads\/Enano-1-1024x870.jpg 1024w, https:\/\/www.radiosanctispiritus.cu\/es\/wp-content\/uploads\/Enano-1-768x652.jpg 768w, https:\/\/www.radiosanctispiritus.cu\/es\/wp-content\/uploads\/Enano-1-1536x1305.jpg 1536w, https:\/\/www.radiosanctispiritus.cu\/es\/wp-content\/uploads\/Enano-1-2048x1739.jpg 2048w\" sizes=\"(max-width: 600px) 100vw, 600px\" \/><p id=\"caption-attachment-44496\" class=\"wp-caption-text\">Una ofrenda floral a Alberto Delgado fue depositada por los j\u00f3venes participantes en el homenaje.<\/p><\/div>\n<p>La conmemoraci\u00f3n, presidida por Deivy P\u00e9rez Mart\u00edn, miembro del Comit\u00e9 Central del Partido Comunista de Cuba y su primera secretaria en la provincia, devino fruct\u00edfero intercambio entre j\u00f3venes estudiantes, combatientes del Ministerio del Interior y dirigentes del PCC y otras organizaciones de Trinidad, sobre la vida y actividad revolucionaria de Alberto Delgado.<\/p>\n<div id=\"attachment_44498\" style=\"width: 610px\" class=\"wp-caption aligncenter\"><img decoding=\"async\" aria-describedby=\"caption-attachment-44498\" class=\"size-medium wp-image-44498\" src=\"https:\/\/www.radiosanctispiritus.cu\/es\/wp-content\/uploads\/Enano-2-600x400.jpg\" alt=\"\" width=\"600\" height=\"400\" srcset=\"https:\/\/www.radiosanctispiritus.cu\/es\/wp-content\/uploads\/Enano-2-600x400.jpg 600w, https:\/\/www.radiosanctispiritus.cu\/es\/wp-content\/uploads\/Enano-2-1024x683.jpg 1024w, https:\/\/www.radiosanctispiritus.cu\/es\/wp-content\/uploads\/Enano-2-768x512.jpg 768w, https:\/\/www.radiosanctispiritus.cu\/es\/wp-content\/uploads\/Enano-2-1536x1024.jpg 1536w, https:\/\/www.radiosanctispiritus.cu\/es\/wp-content\/uploads\/Enano-2-2048x1365.jpg 2048w\" sizes=\"(max-width: 600px) 100vw, 600px\" \/><p id=\"caption-attachment-44498\" class=\"wp-caption-text\">El tributo a Alberto Delgado, imprescindible en el aniversario de la Seguridad del Estado.<\/p><\/div>\n<div id=\"attachment_44500\" style=\"width: 610px\" class=\"wp-caption aligncenter\"><img decoding=\"async\" aria-describedby=\"caption-attachment-44500\" class=\"size-medium wp-image-44500\" src=\"https:\/\/www.radiosanctispiritus.cu\/es\/wp-content\/uploads\/Enano-4-600x485.jpg\" alt=\"\" width=\"600\" height=\"485\" srcset=\"https:\/\/www.radiosanctispiritus.cu\/es\/wp-content\/uploads\/Enano-4-600x485.jpg 600w, https:\/\/www.radiosanctispiritus.cu\/es\/wp-content\/uploads\/Enano-4-1024x828.jpg 1024w, https:\/\/www.radiosanctispiritus.cu\/es\/wp-content\/uploads\/Enano-4-768x621.jpg 768w, https:\/\/www.radiosanctispiritus.cu\/es\/wp-content\/uploads\/Enano-4-1536x1242.jpg 1536w, https:\/\/www.radiosanctispiritus.cu\/es\/wp-content\/uploads\/Enano-4-2048x1655.jpg 2048w\" sizes=\"(max-width: 600px) 100vw, 600px\" \/><p id=\"caption-attachment-44500\" class=\"wp-caption-text\">Uno de los elementos del monumento a Alberto Delgado, el hombre de Maisinic\u00fa.<\/p><\/div>\n<div id=\"attachment_44501\" style=\"width: 610px\" class=\"wp-caption aligncenter\"><img decoding=\"async\" aria-describedby=\"caption-attachment-44501\" class=\"size-medium wp-image-44501\" src=\"https:\/\/www.radiosanctispiritus.cu\/es\/wp-content\/uploads\/Enano-5-600x496.jpg\" alt=\"\" width=\"600\" height=\"496\" srcset=\"https:\/\/www.radiosanctispiritus.cu\/es\/wp-content\/uploads\/Enano-5-600x496.jpg 600w, https:\/\/www.radiosanctispiritus.cu\/es\/wp-content\/uploads\/Enano-5-1024x846.jpg 1024w, https:\/\/www.radiosanctispiritus.cu\/es\/wp-content\/uploads\/Enano-5-768x635.jpg 768w, https:\/\/www.radiosanctispiritus.cu\/es\/wp-content\/uploads\/Enano-5-1536x1270.jpg 1536w, https:\/\/www.radiosanctispiritus.cu\/es\/wp-content\/uploads\/Enano-5-2048x1693.jpg 2048w, https:\/\/www.radiosanctispiritus.cu\/es\/wp-content\/uploads\/Enano-5-145x120.jpg 145w\" sizes=\"(max-width: 600px) 100vw, 600px\" \/><p id=\"caption-attachment-44501\" class=\"wp-caption-text\">Elemento distintivo del monumento a Alberto Delgado.<\/p><\/div>\n","protected":false},"excerpt":{"rendered":"<p>En el escenario donde se levanta el monumento erigido a su memoria, el mismo lugar donde fue vilmente asesinado el 29 de abril de 1964 por una banda contrarrevolucionaria, el Hombre de Maisinic\u00fa recibi\u00f3 el homenaje imprescindible.<\/p>\n","protected":false},"author":15,"featured_media":44493,"comment_status":"open","ping_status":"open","sticky":false,"template":"","format":"standard","meta":{"_acf_changed":false,"footnotes":""},"categories":[8,11,1],"tags":[510,213,1136,54],"coauthors":[],"class_list":["post-44492","post","type-post","status-publish","format-standard","has-post-thumbnail","hentry","category-noticia","category-fotorreportaje","category-sancti-spiritus","tag-historia","tag-minint","tag-seguridad-del-estado","tag-trinidad-de-cuba"],"acf":[],"_links":{"self":[{"href":"https:\/\/www.radiosanctispiritus.cu\/es\/wp-json\/wp\/v2\/posts\/44492","targetHints":{"allow":["GET"]}}],"collection":[{"href":"https:\/\/www.radiosanctispiritus.cu\/es\/wp-json\/wp\/v2\/posts"}],"about":[{"href":"https:\/\/www.radiosanctispiritus.cu\/es\/wp-json\/wp\/v2\/types\/post"}],"author":[{"embeddable":true,"href":"https:\/\/www.radiosanctispiritus.cu\/es\/wp-json\/wp\/v2\/users\/15"}],"replies":[{"embeddable":true,"href":"https:\/\/www.radiosanctispiritus.cu\/es\/wp-json\/wp\/v2\/comments?post=44492"}],"version-history":[{"count":0,"href":"https:\/\/www.radiosanctispiritus.cu\/es\/wp-json\/wp\/v2\/posts\/44492\/revisions"}],"wp:featuredmedia":[{"embeddable":true,"href":"https:\/\/www.radiosanctispiritus.cu\/es\/wp-json\/wp\/v2\/media\/44493"}],"wp:attachment":[{"href":"https:\/\/www.radiosanctispiritus.cu\/es\/wp-json\/wp\/v2\/media?parent=44492"}],"wp:term":[{"taxonomy":"category","embeddable":true,"href":"https:\/\/www.radiosanctispiritus.cu\/es\/wp-json\/wp\/v2\/categories?post=44492"},{"taxonomy":"post_tag","embeddable":true,"href":"https:\/\/www.radiosanctispiritus.cu\/es\/wp-json\/wp\/v2\/tags?post=44492"},{"taxonomy":"author","embeddable":true,"href":"https:\/\/www.radiosanctispiritus.cu\/es\/wp-json\/wp\/v2\/coauthors?post=44492"}],"curies":[{"name":"wp","href":"https:\/\/api.w.org\/{rel}","templated":true}]}}