{"id":44468,"date":"2025-03-27T04:20:14","date_gmt":"2025-03-27T08:20:14","guid":{"rendered":"https:\/\/www.radiosanctispiritus.cu\/es\/?p=44468"},"modified":"2025-03-26T20:39:34","modified_gmt":"2025-03-27T00:39:34","slug":"en-examenes-finales-estudiantes-de-duodecimo-grado-en-sancti-spiritus","status":"publish","type":"post","link":"https:\/\/www.radiosanctispiritus.cu\/es\/en-examenes-finales-estudiantes-de-duodecimo-grado-en-sancti-spiritus\/","title":{"rendered":"En ex\u00e1menes finales estudiantes de duod\u00e9cimo grado en Sancti Sp\u00edritus"},"content":{"rendered":"<p>Estudiantes de duod\u00e9cimo grado en la provincia de Sancti Spiritus iniciaron esta semana los ex\u00e1menes finales de las pruebas ministeriales de Matem\u00e1tica, Espa\u00f1ol e Historia para obtener de esa manera el bachillerato, un proceso que se extender\u00e1 hasta el venidero 11 de abril.<br \/>\n<iframe src=\"https:\/\/www.ivoox.com\/player_ej_143901170_6_1.html?c1=7a0d0b\" width=\"100%\" height=\"200\" frameborder=\"0\" scrolling=\"no\" allowfullscreen=\"allowfullscreen\"><\/iframe><\/p>\n","protected":false},"excerpt":{"rendered":"<p>Estudiantes de 12 grado en  Sancti Spiritus iniciaron esta semana los ex\u00e1menes finales de las pruebas ministeriales  para obtener el bachillerato, un proceso que se extender\u00e1 hasta el  11 de abril.<\/p>\n","protected":false},"author":8,"featured_media":44469,"comment_status":"open","ping_status":"open","sticky":false,"template":"","format":"standard","meta":{"_acf_changed":false,"footnotes":""},"categories":[14,9],"tags":[29,1792,1793,1780],"coauthors":[],"class_list":["post-44468","post","type-post","status-publish","format-standard","has-post-thumbnail","hentry","category-educacion","category-en-audio","tag-educacion","tag-estuadiantes","tag-pruebas-finales","tag-sancti-spiritus"],"acf":[],"_links":{"self":[{"href":"https:\/\/www.radiosanctispiritus.cu\/es\/wp-json\/wp\/v2\/posts\/44468","targetHints":{"allow":["GET"]}}],"collection":[{"href":"https:\/\/www.radiosanctispiritus.cu\/es\/wp-json\/wp\/v2\/posts"}],"about":[{"href":"https:\/\/www.radiosanctispiritus.cu\/es\/wp-json\/wp\/v2\/types\/post"}],"author":[{"embeddable":true,"href":"https:\/\/www.radiosanctispiritus.cu\/es\/wp-json\/wp\/v2\/users\/8"}],"replies":[{"embeddable":true,"href":"https:\/\/www.radiosanctispiritus.cu\/es\/wp-json\/wp\/v2\/comments?post=44468"}],"version-history":[{"count":0,"href":"https:\/\/www.radiosanctispiritus.cu\/es\/wp-json\/wp\/v2\/posts\/44468\/revisions"}],"wp:featuredmedia":[{"embeddable":true,"href":"https:\/\/www.radiosanctispiritus.cu\/es\/wp-json\/wp\/v2\/media\/44469"}],"wp:attachment":[{"href":"https:\/\/www.radiosanctispiritus.cu\/es\/wp-json\/wp\/v2\/media?parent=44468"}],"wp:term":[{"taxonomy":"category","embeddable":true,"href":"https:\/\/www.radiosanctispiritus.cu\/es\/wp-json\/wp\/v2\/categories?post=44468"},{"taxonomy":"post_tag","embeddable":true,"href":"https:\/\/www.radiosanctispiritus.cu\/es\/wp-json\/wp\/v2\/tags?post=44468"},{"taxonomy":"author","embeddable":true,"href":"https:\/\/www.radiosanctispiritus.cu\/es\/wp-json\/wp\/v2\/coauthors?post=44468"}],"curies":[{"name":"wp","href":"https:\/\/api.w.org\/{rel}","templated":true}]}}