{"id":44329,"date":"2025-03-24T23:35:40","date_gmt":"2025-03-25T03:35:40","guid":{"rendered":"https:\/\/www.radiosanctispiritus.cu\/es\/?p=44329"},"modified":"2025-03-25T09:23:08","modified_gmt":"2025-03-25T13:23:08","slug":"visita-a-sancti-spiritus-de-embajador-indio-busca-fortalecer-nexos-con-cuba","status":"publish","type":"post","link":"https:\/\/www.radiosanctispiritus.cu\/es\/visita-a-sancti-spiritus-de-embajador-indio-busca-fortalecer-nexos-con-cuba\/","title":{"rendered":"Visita a Sancti Sp\u00edritus de embajador indio busca fortalecer nexos con Cuba"},"content":{"rendered":"<p>El embajador extraordinario y plenipotenciario de la India en Cuba, Excelent\u00edsimo Se\u00f1or T. Armstrong Changsan, visit\u00f3 este lunes a Sancti Sp\u00edritus, con el fin de fortalecer las relaciones bilaterales entre ambos pa\u00edses.<\/p>\n<p>Durante su estancia, el diplom\u00e1tico intercambi\u00f3 con autoridades gubernamentales del territorio, encabezadas por el Gobernador Alexis Lorente Jim\u00e9nez, quien esboz\u00f3 las principales \u00e1reas y oportunidades de cooperaci\u00f3n existentes en esta parte de la isla caribe\u00f1a, con \u00e9nfasis en proyectos agroalimentarios, biotecnol\u00f3gicos y del turismo.<\/p>\n<p><iframe src=\"https:\/\/www.ivoox.com\/player_ej_143670943_6_1.html?c1=7a0d0b\" width=\"100%\" height=\"200\" frameborder=\"0\" scrolling=\"no\" allowfullscreen=\"allowfullscreen\"><\/iframe><\/p>\n","protected":false},"excerpt":{"rendered":"<p>El embajador extraordinario y plenipotenciario de la India en Cuba, Excelent\u00edsimo Se\u00f1or T. Armstrong Changsan, visit\u00f3 este lunes a Sancti Sp\u00edritus, con el fin de fortalecer las relaciones bilaterales entre ambos pa\u00edses.<\/p>\n","protected":false},"author":8,"featured_media":44330,"comment_status":"open","ping_status":"open","sticky":false,"template":"","format":"standard","meta":{"_acf_changed":false,"footnotes":""},"categories":[8,9,1],"tags":[618,1780],"coauthors":[],"class_list":["post-44329","post","type-post","status-publish","format-standard","has-post-thumbnail","hentry","category-noticia","category-en-audio","category-sancti-spiritus","tag-cuba-india","tag-sancti-spiritus"],"acf":[],"_links":{"self":[{"href":"https:\/\/www.radiosanctispiritus.cu\/es\/wp-json\/wp\/v2\/posts\/44329","targetHints":{"allow":["GET"]}}],"collection":[{"href":"https:\/\/www.radiosanctispiritus.cu\/es\/wp-json\/wp\/v2\/posts"}],"about":[{"href":"https:\/\/www.radiosanctispiritus.cu\/es\/wp-json\/wp\/v2\/types\/post"}],"author":[{"embeddable":true,"href":"https:\/\/www.radiosanctispiritus.cu\/es\/wp-json\/wp\/v2\/users\/8"}],"replies":[{"embeddable":true,"href":"https:\/\/www.radiosanctispiritus.cu\/es\/wp-json\/wp\/v2\/comments?post=44329"}],"version-history":[{"count":0,"href":"https:\/\/www.radiosanctispiritus.cu\/es\/wp-json\/wp\/v2\/posts\/44329\/revisions"}],"wp:featuredmedia":[{"embeddable":true,"href":"https:\/\/www.radiosanctispiritus.cu\/es\/wp-json\/wp\/v2\/media\/44330"}],"wp:attachment":[{"href":"https:\/\/www.radiosanctispiritus.cu\/es\/wp-json\/wp\/v2\/media?parent=44329"}],"wp:term":[{"taxonomy":"category","embeddable":true,"href":"https:\/\/www.radiosanctispiritus.cu\/es\/wp-json\/wp\/v2\/categories?post=44329"},{"taxonomy":"post_tag","embeddable":true,"href":"https:\/\/www.radiosanctispiritus.cu\/es\/wp-json\/wp\/v2\/tags?post=44329"},{"taxonomy":"author","embeddable":true,"href":"https:\/\/www.radiosanctispiritus.cu\/es\/wp-json\/wp\/v2\/coauthors?post=44329"}],"curies":[{"name":"wp","href":"https:\/\/api.w.org\/{rel}","templated":true}]}}