{"id":44178,"date":"2025-03-21T04:31:28","date_gmt":"2025-03-21T08:31:28","guid":{"rendered":"https:\/\/www.radiosanctispiritus.cu\/es\/?p=44178"},"modified":"2025-03-20T20:47:55","modified_gmt":"2025-03-21T00:47:55","slug":"sancti-spiritus-una-ciudad-para-ser-cantada","status":"publish","type":"post","link":"https:\/\/www.radiosanctispiritus.cu\/es\/sancti-spiritus-una-ciudad-para-ser-cantada\/","title":{"rendered":"Sancti Spiritus, una ciudad para ser cantada"},"content":{"rendered":"<p>La\u00a0poes\u00eda\u00a0puede\u00a0considerarse como una de las artes m\u00e1s antiguas y difundidas. Originalmente vinculada a la m\u00fasica en la canci\u00f3n, se fue independizando y el ritmo propiamente musical fue sustituido por el ritmo ling\u00fc\u00edstico.<\/p>\n<p>Acciones po\u00e9ticas o <em>performances,<\/em> recitales p\u00fablicos, combinaci\u00f3n de poes\u00eda e imagen en muchas experiencias de v\u00eddeo, hablan a las claras de su vitalidad y tal vez de un impulso ligado tambi\u00e9n a sus or\u00edgenes: el de convertir la palabra en un rito compartido por todas las artes y todos los humanos.<\/p>\n<p>En todas las \u00e9pocas y en lo fundamental la trova y la poes\u00eda han homenajeado a la ciudad con textos que la engrandecen y alaban.<\/p>\n<p>Los espirituanos sienten una predilecci\u00f3n especial por resaltar las virtudes del terru\u00f1o que los vio nacer. As\u00ed ha sido desde siglos anteriores.<\/p>\n<p>En 1994\u2013 acabada de cumplir 20 a\u00f1os- la Editorial Luminaria public\u00f3 un libro titulado <strong>La Ciudad en sus Poetas. <\/strong>Este libro, una verdadera joya de la bibliograf\u00eda espirituana, por el tema que aborda, y por haberse publicado en ocasi\u00f3n del 480 Aniversario de la villa, compila 26 poemas dedicados a Sancti Spiritus y sus pr\u00f3ceres.<\/p>\n<p>El volumen a que hago referencia es un acabado muestrario en el que conviven de forma armoniosa dis\u00edmiles formas y estrofas que cantan a la ciudad.<\/p>\n<p>Los autores seleccionados para esta antolog\u00eda pertenecen a las m\u00e1s diversas generaciones, pero est\u00e1n unidos por el rasgo com\u00fan de haberse inspirado en la bella e hist\u00f3rica ciudad colonial, en sus pr\u00f3ceres y en sus alegor\u00edas m\u00e1s conocidas.<\/p>\n<p>Al incluir poetas del Siglo XIX, y de todo el Siglo XX las obras dedicadas a Sancti Spiritus adquieren diferentes connotaciones. Para los m\u00e1s tradicionales la ciudad y sus atributos es un hecho palpable, tangible, omnipresente; para los m\u00e1s contempor\u00e1neos la ciudad se mitifica en una proyecci\u00f3n de universalidad que rebasa una geograf\u00eda espec\u00edfica.<\/p>\n<p>Figuras emblem\u00e1ticas de la Literatura Espirituana como Francisca Hern\u00e1ndez de Zamora, C\u00e9sar Cancio Madrigal, Thelvia Mar\u00edn, Manuel Gonz\u00e1lez Busto y Liudmila Quincoses se dan cita en este libro que invito a leer por su calidad y trascendencia.<\/p>\n<p><strong>La Ciudad en sus Poetas <\/strong>es un encomiable homenaje a Sancti Spiritus y demuestra que el patriotismo alcanza formas de expresi\u00f3n diversa y comienza con el amor al terru\u00f1o.<\/p>\n<p>Vendr\u00e1n otras generaciones, pasar\u00e1n los a\u00f1os para esta villa que pronto cumplir\u00e1 su Aniversario 511 y los poetas, los trovadores, nuestros pintores seguir\u00e1n teniendo por tema a esta ciudad, que es un motivo inagotable para la creaci\u00f3n art\u00edstica.<\/p>\n<p>&nbsp;<\/p>\n<p>&nbsp;<\/p>\n","protected":false},"excerpt":{"rendered":"<p>Pasar\u00e1n los a\u00f1os para esta villa y los poetas, los trovadores, nuestros pintores seguir\u00e1n teniendo por tema a esta ciudad, que es un motivo inagotable para la creaci\u00f3n art\u00edstica.<\/p>\n","protected":false},"author":163,"featured_media":44179,"comment_status":"open","ping_status":"open","sticky":false,"template":"","format":"standard","meta":{"_acf_changed":false,"footnotes":""},"categories":[1023,6],"tags":[282,1163,1780],"coauthors":[],"class_list":["post-44178","post","type-post","status-publish","format-standard","has-post-thumbnail","hentry","category-el-balcon-del-soto","category-cultura","tag-cultura","tag-poesia","tag-sancti-spiritus"],"acf":[],"_links":{"self":[{"href":"https:\/\/www.radiosanctispiritus.cu\/es\/wp-json\/wp\/v2\/posts\/44178","targetHints":{"allow":["GET"]}}],"collection":[{"href":"https:\/\/www.radiosanctispiritus.cu\/es\/wp-json\/wp\/v2\/posts"}],"about":[{"href":"https:\/\/www.radiosanctispiritus.cu\/es\/wp-json\/wp\/v2\/types\/post"}],"author":[{"embeddable":true,"href":"https:\/\/www.radiosanctispiritus.cu\/es\/wp-json\/wp\/v2\/users\/163"}],"replies":[{"embeddable":true,"href":"https:\/\/www.radiosanctispiritus.cu\/es\/wp-json\/wp\/v2\/comments?post=44178"}],"version-history":[{"count":0,"href":"https:\/\/www.radiosanctispiritus.cu\/es\/wp-json\/wp\/v2\/posts\/44178\/revisions"}],"wp:featuredmedia":[{"embeddable":true,"href":"https:\/\/www.radiosanctispiritus.cu\/es\/wp-json\/wp\/v2\/media\/44179"}],"wp:attachment":[{"href":"https:\/\/www.radiosanctispiritus.cu\/es\/wp-json\/wp\/v2\/media?parent=44178"}],"wp:term":[{"taxonomy":"category","embeddable":true,"href":"https:\/\/www.radiosanctispiritus.cu\/es\/wp-json\/wp\/v2\/categories?post=44178"},{"taxonomy":"post_tag","embeddable":true,"href":"https:\/\/www.radiosanctispiritus.cu\/es\/wp-json\/wp\/v2\/tags?post=44178"},{"taxonomy":"author","embeddable":true,"href":"https:\/\/www.radiosanctispiritus.cu\/es\/wp-json\/wp\/v2\/coauthors?post=44178"}],"curies":[{"name":"wp","href":"https:\/\/api.w.org\/{rel}","templated":true}]}}